{"id":4617,"date":"2017-04-17T21:36:59","date_gmt":"2017-04-17T21:36:59","guid":{"rendered":"https:\/\/labonacarn.com\/nuestra-carne-de-potro\/"},"modified":"2022-03-29T19:36:10","modified_gmt":"2022-03-29T19:36:10","slug":"nuestra-carne-de-potro","status":"publish","type":"post","link":"https:\/\/labonacarn.com\/es\/nuestra-carne-de-potro\/","title":{"rendered":"Nuestra carne de potro"},"content":{"rendered":"<p>Siempre va bien tener m\u00e1s informaci\u00f3n de las cosas que consumimos y por tanto hemos cre\u00eddo conveniente presentaros de una forma sencilla el por qu\u00e9 de la carne de potro. Es muy interesante conocer sus propiedades, origen, vida, para saber qu\u00e9 es lo que comemos.<\/p>\n<p>Bien nuestra carne de potro contiene un elevado porcentaje en \u00e1cidos grasos Omega 3, que son esenciales para nuestra salud. Es muy rica en vitamina B, glucosa y hierro y es muy digerible. Por todo ello est\u00e1 recomendada por los ni\u00f1os, deportistas, personas mayores y personas con anemia.<\/p>\n<p>Estamos hablando de un animal que la mayor parte del a\u00f1o est\u00e1 libre, lo que hace que su crianza sea muy natural y limpia, con baja generaci\u00f3n de residuos y bajo consumo de recursos naturales. Se trata de unos animales que sufren muy pocas enfermedades y son muy exigentes con la comida y el agua.<\/p>\n<p>En nuestro caso particular, nuestra carne procede del pirineo catal\u00e1n, m\u00e1s concretamente de Puigcerd\u00e0. Yo quiero invitarles a que intente hacer unos macarrones con la carne picada de potro. El resultado ser\u00e1 unos buenos macarrones pero con un nivel de prote\u00ednas mucho m\u00e1s elevado de los que hace siempre y adem\u00e1s es la carne que engorda menos, mejor que el famoso pollo o pavo.<\/p>\n<p>Siguiendo con la evoluci\u00f3n de nuestro trabajo, en este momento ya ponemos a su disposici\u00f3n, desde bistecs de potro, alb\u00f3ndigas, carne para rebozar, todo tipo de hamburguesa y si desea todav\u00eda le haremos unos buenos canelones!!!!<\/p>\n<p>M\u00e1s adelante le haremos llegar una comparativa de nuestras carnes para que est\u00e9 mejor informado.<\/p>\n<p>Salud y hambre y hasta la pr\u00f3xima !!!!!<\/p>\n","protected":false},"excerpt":{"rendered":"<p>Siempre va bien tener m\u00e1s informaci\u00f3n de las cosas que consumimos y por tanto hemos cre\u00eddo conveniente presentaros de una forma sencilla el por qu\u00e9&#8230;<\/p>\n","protected":false},"author":2,"featured_media":5357,"comment_status":"closed","ping_status":"closed","sticky":false,"template":"","format":"standard","meta":{"_acf_changed":false,"_joinchat":[],"footnotes":""},"categories":[60],"tags":[],"class_list":{"0":"post-4617","1":"post","2":"type-post","3":"status-publish","4":"format-standard","5":"has-post-thumbnail","7":"category-blog-es"},"acf":[],"yoast_head":"<!-- This site is optimized with the Yoast SEO plugin v27.4 - https:\/\/yoast.com\/product\/yoast-seo-wordpress\/ -->\n<title>Nuestra carne de potro - labonacarn.com<\/title>\n<meta name=\"robots\" content=\"index, follow, max-snippet:-1, max-image-preview:large, max-video-preview:-1\" \/>\n<link rel=\"canonical\" href=\"https:\/\/labonacarn.com\/es\/nuestra-carne-de-potro\/\" \/>\n<meta property=\"og:locale\" content=\"es_ES\" \/>\n<meta property=\"og:type\" content=\"article\" \/>\n<meta property=\"og:title\" content=\"Nuestra carne de potro - labonacarn.com\" \/>\n<meta property=\"og:description\" content=\"Siempre va bien tener m\u00e1s informaci\u00f3n de las cosas que consumimos y por tanto hemos cre\u00eddo conveniente presentaros de una forma sencilla el por qu\u00e9...\" \/>\n<meta property=\"og:url\" content=\"https:\/\/labonacarn.com\/es\/nuestra-carne-de-potro\/\" \/>\n<meta property=\"og:site_name\" content=\"labonacarn.com\" \/>\n<meta property=\"article:published_time\" content=\"2017-04-17T21:36:59+00:00\" \/>\n<meta property=\"article:modified_time\" content=\"2022-03-29T19:36:10+00:00\" \/>\n<meta property=\"og:image\" content=\"https:\/\/labonaca-cp24.wordpresstemporal.com\/wp-content\/uploads\/2017\/04\/10g.jpg\" \/>\n\t<meta property=\"og:image:width\" content=\"600\" \/>\n\t<meta property=\"og:image:height\" content=\"400\" \/>\n\t<meta property=\"og:image:type\" content=\"image\/jpeg\" \/>\n<meta name=\"author\" content=\"Joan\" \/>\n<meta name=\"twitter:card\" content=\"summary_large_image\" \/>\n<meta name=\"twitter:label1\" content=\"Escrito por\" \/>\n\t<meta name=\"twitter:data1\" content=\"Joan\" \/>\n\t<meta name=\"twitter:label2\" content=\"Tiempo de lectura\" \/>\n\t<meta name=\"twitter:data2\" content=\"1 minuto\" \/>\n<script type=\"application\/ld+json\" class=\"yoast-schema-graph\">{\"@context\":\"https:\\\/\\\/schema.org\",\"@graph\":[{\"@type\":\"Article\",\"@id\":\"https:\\\/\\\/labonacarn.com\\\/es\\\/nuestra-carne-de-potro\\\/#article\",\"isPartOf\":{\"@id\":\"https:\\\/\\\/labonacarn.com\\\/es\\\/nuestra-carne-de-potro\\\/\"},\"author\":{\"name\":\"Joan\",\"@id\":\"https:\\\/\\\/labonacarn.com\\\/es\\\/#\\\/schema\\\/person\\\/37c89ac8ca881971a5979798d268caf2\"},\"headline\":\"Nuestra carne de potro\",\"datePublished\":\"2017-04-17T21:36:59+00:00\",\"dateModified\":\"2022-03-29T19:36:10+00:00\",\"mainEntityOfPage\":{\"@id\":\"https:\\\/\\\/labonacarn.com\\\/es\\\/nuestra-carne-de-potro\\\/\"},\"wordCount\":290,\"image\":{\"@id\":\"https:\\\/\\\/labonacarn.com\\\/es\\\/nuestra-carne-de-potro\\\/#primaryimage\"},\"thumbnailUrl\":\"https:\\\/\\\/labonacarn.com\\\/wp-content\\\/uploads\\\/2017\\\/04\\\/10g.jpg\",\"articleSection\":[\"Blog\"],\"inLanguage\":\"es\"},{\"@type\":\"WebPage\",\"@id\":\"https:\\\/\\\/labonacarn.com\\\/es\\\/nuestra-carne-de-potro\\\/\",\"url\":\"https:\\\/\\\/labonacarn.com\\\/es\\\/nuestra-carne-de-potro\\\/\",\"name\":\"Nuestra carne de potro - labonacarn.com\",\"isPartOf\":{\"@id\":\"https:\\\/\\\/labonacarn.com\\\/es\\\/#website\"},\"primaryImageOfPage\":{\"@id\":\"https:\\\/\\\/labonacarn.com\\\/es\\\/nuestra-carne-de-potro\\\/#primaryimage\"},\"image\":{\"@id\":\"https:\\\/\\\/labonacarn.com\\\/es\\\/nuestra-carne-de-potro\\\/#primaryimage\"},\"thumbnailUrl\":\"https:\\\/\\\/labonacarn.com\\\/wp-content\\\/uploads\\\/2017\\\/04\\\/10g.jpg\",\"datePublished\":\"2017-04-17T21:36:59+00:00\",\"dateModified\":\"2022-03-29T19:36:10+00:00\",\"author\":{\"@id\":\"https:\\\/\\\/labonacarn.com\\\/es\\\/#\\\/schema\\\/person\\\/37c89ac8ca881971a5979798d268caf2\"},\"breadcrumb\":{\"@id\":\"https:\\\/\\\/labonacarn.com\\\/es\\\/nuestra-carne-de-potro\\\/#breadcrumb\"},\"inLanguage\":\"es\",\"potentialAction\":[{\"@type\":\"ReadAction\",\"target\":[\"https:\\\/\\\/labonacarn.com\\\/es\\\/nuestra-carne-de-potro\\\/\"]}]},{\"@type\":\"ImageObject\",\"inLanguage\":\"es\",\"@id\":\"https:\\\/\\\/labonacarn.com\\\/es\\\/nuestra-carne-de-potro\\\/#primaryimage\",\"url\":\"https:\\\/\\\/labonacarn.com\\\/wp-content\\\/uploads\\\/2017\\\/04\\\/10g.jpg\",\"contentUrl\":\"https:\\\/\\\/labonacarn.com\\\/wp-content\\\/uploads\\\/2017\\\/04\\\/10g.jpg\",\"width\":600,\"height\":400},{\"@type\":\"BreadcrumbList\",\"@id\":\"https:\\\/\\\/labonacarn.com\\\/es\\\/nuestra-carne-de-potro\\\/#breadcrumb\",\"itemListElement\":[{\"@type\":\"ListItem\",\"position\":1,\"name\":\"Portada\",\"item\":\"https:\\\/\\\/labonacarn.com\\\/es\\\/\"},{\"@type\":\"ListItem\",\"position\":2,\"name\":\"Nuestra carne de potro\"}]},{\"@type\":\"WebSite\",\"@id\":\"https:\\\/\\\/labonacarn.com\\\/es\\\/#website\",\"url\":\"https:\\\/\\\/labonacarn.com\\\/es\\\/\",\"name\":\"labonacarn.com\",\"description\":\"Venem carn de vedella, porc, pollastre, xai, poltre, gall dindi i embotits de primera qualitat i fets per nosaltres.\",\"potentialAction\":[{\"@type\":\"SearchAction\",\"target\":{\"@type\":\"EntryPoint\",\"urlTemplate\":\"https:\\\/\\\/labonacarn.com\\\/es\\\/?s={search_term_string}\"},\"query-input\":{\"@type\":\"PropertyValueSpecification\",\"valueRequired\":true,\"valueName\":\"search_term_string\"}}],\"inLanguage\":\"es\"},{\"@type\":\"Person\",\"@id\":\"https:\\\/\\\/labonacarn.com\\\/es\\\/#\\\/schema\\\/person\\\/37c89ac8ca881971a5979798d268caf2\",\"name\":\"Joan\",\"image\":{\"@type\":\"ImageObject\",\"inLanguage\":\"es\",\"@id\":\"https:\\\/\\\/secure.gravatar.com\\\/avatar\\\/691564aa2d125f96a48e4bdf979dc70eeafd3e54b764cc1d48e8665b12481d4f?s=96&d=mm&r=g\",\"url\":\"https:\\\/\\\/secure.gravatar.com\\\/avatar\\\/691564aa2d125f96a48e4bdf979dc70eeafd3e54b764cc1d48e8665b12481d4f?s=96&d=mm&r=g\",\"contentUrl\":\"https:\\\/\\\/secure.gravatar.com\\\/avatar\\\/691564aa2d125f96a48e4bdf979dc70eeafd3e54b764cc1d48e8665b12481d4f?s=96&d=mm&r=g\",\"caption\":\"Joan\"},\"url\":\"https:\\\/\\\/labonacarn.com\\\/es\\\/author\\\/joan\\\/\"}]}<\/script>\n<!-- \/ Yoast SEO plugin. -->","yoast_head_json":{"title":"Nuestra carne de potro - labonacarn.com","robots":{"index":"index","follow":"follow","max-snippet":"max-snippet:-1","max-image-preview":"max-image-preview:large","max-video-preview":"max-video-preview:-1"},"canonical":"https:\/\/labonacarn.com\/es\/nuestra-carne-de-potro\/","og_locale":"es_ES","og_type":"article","og_title":"Nuestra carne de potro - labonacarn.com","og_description":"Siempre va bien tener m\u00e1s informaci\u00f3n de las cosas que consumimos y por tanto hemos cre\u00eddo conveniente presentaros de una forma sencilla el por qu\u00e9...","og_url":"https:\/\/labonacarn.com\/es\/nuestra-carne-de-potro\/","og_site_name":"labonacarn.com","article_published_time":"2017-04-17T21:36:59+00:00","article_modified_time":"2022-03-29T19:36:10+00:00","og_image":[{"width":600,"height":400,"url":"https:\/\/labonaca-cp24.wordpresstemporal.com\/wp-content\/uploads\/2017\/04\/10g.jpg","type":"image\/jpeg"}],"author":"Joan","twitter_card":"summary_large_image","twitter_misc":{"Escrito por":"Joan","Tiempo de lectura":"1 minuto"},"schema":{"@context":"https:\/\/schema.org","@graph":[{"@type":"Article","@id":"https:\/\/labonacarn.com\/es\/nuestra-carne-de-potro\/#article","isPartOf":{"@id":"https:\/\/labonacarn.com\/es\/nuestra-carne-de-potro\/"},"author":{"name":"Joan","@id":"https:\/\/labonacarn.com\/es\/#\/schema\/person\/37c89ac8ca881971a5979798d268caf2"},"headline":"Nuestra carne de potro","datePublished":"2017-04-17T21:36:59+00:00","dateModified":"2022-03-29T19:36:10+00:00","mainEntityOfPage":{"@id":"https:\/\/labonacarn.com\/es\/nuestra-carne-de-potro\/"},"wordCount":290,"image":{"@id":"https:\/\/labonacarn.com\/es\/nuestra-carne-de-potro\/#primaryimage"},"thumbnailUrl":"https:\/\/labonacarn.com\/wp-content\/uploads\/2017\/04\/10g.jpg","articleSection":["Blog"],"inLanguage":"es"},{"@type":"WebPage","@id":"https:\/\/labonacarn.com\/es\/nuestra-carne-de-potro\/","url":"https:\/\/labonacarn.com\/es\/nuestra-carne-de-potro\/","name":"Nuestra carne de potro - labonacarn.com","isPartOf":{"@id":"https:\/\/labonacarn.com\/es\/#website"},"primaryImageOfPage":{"@id":"https:\/\/labonacarn.com\/es\/nuestra-carne-de-potro\/#primaryimage"},"image":{"@id":"https:\/\/labonacarn.com\/es\/nuestra-carne-de-potro\/#primaryimage"},"thumbnailUrl":"https:\/\/labonacarn.com\/wp-content\/uploads\/2017\/04\/10g.jpg","datePublished":"2017-04-17T21:36:59+00:00","dateModified":"2022-03-29T19:36:10+00:00","author":{"@id":"https:\/\/labonacarn.com\/es\/#\/schema\/person\/37c89ac8ca881971a5979798d268caf2"},"breadcrumb":{"@id":"https:\/\/labonacarn.com\/es\/nuestra-carne-de-potro\/#breadcrumb"},"inLanguage":"es","potentialAction":[{"@type":"ReadAction","target":["https:\/\/labonacarn.com\/es\/nuestra-carne-de-potro\/"]}]},{"@type":"ImageObject","inLanguage":"es","@id":"https:\/\/labonacarn.com\/es\/nuestra-carne-de-potro\/#primaryimage","url":"https:\/\/labonacarn.com\/wp-content\/uploads\/2017\/04\/10g.jpg","contentUrl":"https:\/\/labonacarn.com\/wp-content\/uploads\/2017\/04\/10g.jpg","width":600,"height":400},{"@type":"BreadcrumbList","@id":"https:\/\/labonacarn.com\/es\/nuestra-carne-de-potro\/#breadcrumb","itemListElement":[{"@type":"ListItem","position":1,"name":"Portada","item":"https:\/\/labonacarn.com\/es\/"},{"@type":"ListItem","position":2,"name":"Nuestra carne de potro"}]},{"@type":"WebSite","@id":"https:\/\/labonacarn.com\/es\/#website","url":"https:\/\/labonacarn.com\/es\/","name":"labonacarn.com","description":"Venem carn de vedella, porc, pollastre, xai, poltre, gall dindi i embotits de primera qualitat i fets per nosaltres.","potentialAction":[{"@type":"SearchAction","target":{"@type":"EntryPoint","urlTemplate":"https:\/\/labonacarn.com\/es\/?s={search_term_string}"},"query-input":{"@type":"PropertyValueSpecification","valueRequired":true,"valueName":"search_term_string"}}],"inLanguage":"es"},{"@type":"Person","@id":"https:\/\/labonacarn.com\/es\/#\/schema\/person\/37c89ac8ca881971a5979798d268caf2","name":"Joan","image":{"@type":"ImageObject","inLanguage":"es","@id":"https:\/\/secure.gravatar.com\/avatar\/691564aa2d125f96a48e4bdf979dc70eeafd3e54b764cc1d48e8665b12481d4f?s=96&d=mm&r=g","url":"https:\/\/secure.gravatar.com\/avatar\/691564aa2d125f96a48e4bdf979dc70eeafd3e54b764cc1d48e8665b12481d4f?s=96&d=mm&r=g","contentUrl":"https:\/\/secure.gravatar.com\/avatar\/691564aa2d125f96a48e4bdf979dc70eeafd3e54b764cc1d48e8665b12481d4f?s=96&d=mm&r=g","caption":"Joan"},"url":"https:\/\/labonacarn.com\/es\/author\/joan\/"}]}},"_links":{"self":[{"href":"https:\/\/labonacarn.com\/es\/wp-json\/wp\/v2\/posts\/4617","targetHints":{"allow":["GET"]}}],"collection":[{"href":"https:\/\/labonacarn.com\/es\/wp-json\/wp\/v2\/posts"}],"about":[{"href":"https:\/\/labonacarn.com\/es\/wp-json\/wp\/v2\/types\/post"}],"author":[{"embeddable":true,"href":"https:\/\/labonacarn.com\/es\/wp-json\/wp\/v2\/users\/2"}],"replies":[{"embeddable":true,"href":"https:\/\/labonacarn.com\/es\/wp-json\/wp\/v2\/comments?post=4617"}],"version-history":[{"count":0,"href":"https:\/\/labonacarn.com\/es\/wp-json\/wp\/v2\/posts\/4617\/revisions"}],"wp:featuredmedia":[{"embeddable":true,"href":"https:\/\/labonacarn.com\/es\/wp-json\/wp\/v2\/media\/5357"}],"wp:attachment":[{"href":"https:\/\/labonacarn.com\/es\/wp-json\/wp\/v2\/media?parent=4617"}],"wp:term":[{"taxonomy":"category","embeddable":true,"href":"https:\/\/labonacarn.com\/es\/wp-json\/wp\/v2\/categories?post=4617"},{"taxonomy":"post_tag","embeddable":true,"href":"https:\/\/labonacarn.com\/es\/wp-json\/wp\/v2\/tags?post=4617"}],"curies":[{"name":"wp","href":"https:\/\/api.w.org\/{rel}","templated":true}]}}