{"id":4588,"date":"2018-12-01T21:16:37","date_gmt":"2018-12-01T20:16:37","guid":{"rendered":"https:\/\/labonacarn.com\/los-canelones-de-la-tia\/"},"modified":"2018-12-01T21:16:37","modified_gmt":"2018-12-01T21:16:37","slug":"los-canelones-de-la-tia","status":"publish","type":"post","link":"https:\/\/labonacarn.com\/es\/los-canelones-de-la-tia\/","title":{"rendered":"Los canelones de la t\u00eda"},"content":{"rendered":"<p>Ya hemos puesto a su disposici\u00f3n nuestros canelones de la t\u00eda para estas fiestas.<\/p>\n<p>Hechos con pollo asado, ternera, cerdo, tocino, etc, etc. Una selecci\u00f3n de las mejores carnes, con el secreto de la t\u00eda, nos da como resultado unos grandes canelones. Por estas fiestas, nos pueden ayudar a disfrutar de una gran comida.<\/p>\n<p>Que os vayan a gusto !!!<\/p>\n","protected":false},"excerpt":{"rendered":"<p>Ya hemos puesto a su disposici\u00f3n nuestros canelones de la t\u00eda para estas fiestas. Hechos con pollo asado, ternera, cerdo, tocino, etc, etc. Una selecci\u00f3n&#8230;<\/p>\n","protected":false},"author":2,"featured_media":4140,"comment_status":"closed","ping_status":"closed","sticky":false,"template":"","format":"standard","meta":{"_acf_changed":false,"_joinchat":[],"footnotes":""},"categories":[60],"tags":[],"class_list":{"0":"post-4588","1":"post","2":"type-post","3":"status-publish","4":"format-standard","5":"has-post-thumbnail","7":"category-blog-es"},"acf":[],"yoast_head":"<!-- This site is optimized with the Yoast SEO plugin v27.4 - https:\/\/yoast.com\/product\/yoast-seo-wordpress\/ -->\n<title>Los canelones de la t\u00eda - labonacarn.com<\/title>\n<meta name=\"robots\" content=\"index, follow, max-snippet:-1, max-image-preview:large, max-video-preview:-1\" \/>\n<link rel=\"canonical\" href=\"https:\/\/labonacarn.com\/es\/los-canelones-de-la-tia\/\" \/>\n<meta property=\"og:locale\" content=\"es_ES\" \/>\n<meta property=\"og:type\" content=\"article\" \/>\n<meta property=\"og:title\" content=\"Los canelones de la t\u00eda - labonacarn.com\" \/>\n<meta property=\"og:description\" content=\"Ya hemos puesto a su disposici\u00f3n nuestros canelones de la t\u00eda para estas fiestas. Hechos con pollo asado, ternera, cerdo, tocino, etc, etc. Una selecci\u00f3n...\" \/>\n<meta property=\"og:url\" content=\"https:\/\/labonacarn.com\/es\/los-canelones-de-la-tia\/\" \/>\n<meta property=\"og:site_name\" content=\"labonacarn.com\" \/>\n<meta property=\"article:published_time\" content=\"2018-12-01T20:16:37+00:00\" \/>\n<meta property=\"article:modified_time\" content=\"2018-12-01T21:16:37+00:00\" \/>\n<meta property=\"og:image\" content=\"https:\/\/labonacarn.com\/wp-content\/uploads\/2022\/03\/canelons.jpg\" \/>\n\t<meta property=\"og:image:width\" content=\"800\" \/>\n\t<meta property=\"og:image:height\" content=\"533\" \/>\n\t<meta property=\"og:image:type\" content=\"image\/jpeg\" \/>\n<meta name=\"author\" content=\"Joan\" \/>\n<meta name=\"twitter:card\" content=\"summary_large_image\" \/>\n<meta name=\"twitter:label1\" content=\"Escrito por\" \/>\n\t<meta name=\"twitter:data1\" content=\"Joan\" \/>\n<script type=\"application\/ld+json\" class=\"yoast-schema-graph\">{\"@context\":\"https:\\\/\\\/schema.org\",\"@graph\":[{\"@type\":\"Article\",\"@id\":\"https:\\\/\\\/labonacarn.com\\\/es\\\/los-canelones-de-la-tia\\\/#article\",\"isPartOf\":{\"@id\":\"https:\\\/\\\/labonacarn.com\\\/es\\\/los-canelones-de-la-tia\\\/\"},\"author\":{\"name\":\"Joan\",\"@id\":\"https:\\\/\\\/labonacarn.com\\\/es\\\/#\\\/schema\\\/person\\\/37c89ac8ca881971a5979798d268caf2\"},\"headline\":\"Los canelones de la t\u00eda\",\"datePublished\":\"2018-12-01T20:16:37+00:00\",\"dateModified\":\"2018-12-01T21:16:37+00:00\",\"mainEntityOfPage\":{\"@id\":\"https:\\\/\\\/labonacarn.com\\\/es\\\/los-canelones-de-la-tia\\\/\"},\"wordCount\":69,\"image\":{\"@id\":\"https:\\\/\\\/labonacarn.com\\\/es\\\/los-canelones-de-la-tia\\\/#primaryimage\"},\"thumbnailUrl\":\"https:\\\/\\\/labonacarn.com\\\/wp-content\\\/uploads\\\/2022\\\/03\\\/canelons.jpg\",\"articleSection\":[\"Blog\"],\"inLanguage\":\"es\"},{\"@type\":\"WebPage\",\"@id\":\"https:\\\/\\\/labonacarn.com\\\/es\\\/los-canelones-de-la-tia\\\/\",\"url\":\"https:\\\/\\\/labonacarn.com\\\/es\\\/los-canelones-de-la-tia\\\/\",\"name\":\"Los canelones de la t\u00eda - labonacarn.com\",\"isPartOf\":{\"@id\":\"https:\\\/\\\/labonacarn.com\\\/es\\\/#website\"},\"primaryImageOfPage\":{\"@id\":\"https:\\\/\\\/labonacarn.com\\\/es\\\/los-canelones-de-la-tia\\\/#primaryimage\"},\"image\":{\"@id\":\"https:\\\/\\\/labonacarn.com\\\/es\\\/los-canelones-de-la-tia\\\/#primaryimage\"},\"thumbnailUrl\":\"https:\\\/\\\/labonacarn.com\\\/wp-content\\\/uploads\\\/2022\\\/03\\\/canelons.jpg\",\"datePublished\":\"2018-12-01T20:16:37+00:00\",\"dateModified\":\"2018-12-01T21:16:37+00:00\",\"author\":{\"@id\":\"https:\\\/\\\/labonacarn.com\\\/es\\\/#\\\/schema\\\/person\\\/37c89ac8ca881971a5979798d268caf2\"},\"breadcrumb\":{\"@id\":\"https:\\\/\\\/labonacarn.com\\\/es\\\/los-canelones-de-la-tia\\\/#breadcrumb\"},\"inLanguage\":\"es\",\"potentialAction\":[{\"@type\":\"ReadAction\",\"target\":[\"https:\\\/\\\/labonacarn.com\\\/es\\\/los-canelones-de-la-tia\\\/\"]}]},{\"@type\":\"ImageObject\",\"inLanguage\":\"es\",\"@id\":\"https:\\\/\\\/labonacarn.com\\\/es\\\/los-canelones-de-la-tia\\\/#primaryimage\",\"url\":\"https:\\\/\\\/labonacarn.com\\\/wp-content\\\/uploads\\\/2022\\\/03\\\/canelons.jpg\",\"contentUrl\":\"https:\\\/\\\/labonacarn.com\\\/wp-content\\\/uploads\\\/2022\\\/03\\\/canelons.jpg\",\"width\":800,\"height\":533},{\"@type\":\"BreadcrumbList\",\"@id\":\"https:\\\/\\\/labonacarn.com\\\/es\\\/los-canelones-de-la-tia\\\/#breadcrumb\",\"itemListElement\":[{\"@type\":\"ListItem\",\"position\":1,\"name\":\"Portada\",\"item\":\"https:\\\/\\\/labonacarn.com\\\/es\\\/\"},{\"@type\":\"ListItem\",\"position\":2,\"name\":\"Los canelones de la t\u00eda\"}]},{\"@type\":\"WebSite\",\"@id\":\"https:\\\/\\\/labonacarn.com\\\/es\\\/#website\",\"url\":\"https:\\\/\\\/labonacarn.com\\\/es\\\/\",\"name\":\"labonacarn.com\",\"description\":\"Venem carn de vedella, porc, pollastre, xai, poltre, gall dindi i embotits de primera qualitat i fets per nosaltres.\",\"potentialAction\":[{\"@type\":\"SearchAction\",\"target\":{\"@type\":\"EntryPoint\",\"urlTemplate\":\"https:\\\/\\\/labonacarn.com\\\/es\\\/?s={search_term_string}\"},\"query-input\":{\"@type\":\"PropertyValueSpecification\",\"valueRequired\":true,\"valueName\":\"search_term_string\"}}],\"inLanguage\":\"es\"},{\"@type\":\"Person\",\"@id\":\"https:\\\/\\\/labonacarn.com\\\/es\\\/#\\\/schema\\\/person\\\/37c89ac8ca881971a5979798d268caf2\",\"name\":\"Joan\",\"image\":{\"@type\":\"ImageObject\",\"inLanguage\":\"es\",\"@id\":\"https:\\\/\\\/secure.gravatar.com\\\/avatar\\\/691564aa2d125f96a48e4bdf979dc70eeafd3e54b764cc1d48e8665b12481d4f?s=96&d=mm&r=g\",\"url\":\"https:\\\/\\\/secure.gravatar.com\\\/avatar\\\/691564aa2d125f96a48e4bdf979dc70eeafd3e54b764cc1d48e8665b12481d4f?s=96&d=mm&r=g\",\"contentUrl\":\"https:\\\/\\\/secure.gravatar.com\\\/avatar\\\/691564aa2d125f96a48e4bdf979dc70eeafd3e54b764cc1d48e8665b12481d4f?s=96&d=mm&r=g\",\"caption\":\"Joan\"},\"url\":\"https:\\\/\\\/labonacarn.com\\\/es\\\/author\\\/joan\\\/\"}]}<\/script>\n<!-- \/ Yoast SEO plugin. -->","yoast_head_json":{"title":"Los canelones de la t\u00eda - labonacarn.com","robots":{"index":"index","follow":"follow","max-snippet":"max-snippet:-1","max-image-preview":"max-image-preview:large","max-video-preview":"max-video-preview:-1"},"canonical":"https:\/\/labonacarn.com\/es\/los-canelones-de-la-tia\/","og_locale":"es_ES","og_type":"article","og_title":"Los canelones de la t\u00eda - labonacarn.com","og_description":"Ya hemos puesto a su disposici\u00f3n nuestros canelones de la t\u00eda para estas fiestas. Hechos con pollo asado, ternera, cerdo, tocino, etc, etc. Una selecci\u00f3n...","og_url":"https:\/\/labonacarn.com\/es\/los-canelones-de-la-tia\/","og_site_name":"labonacarn.com","article_published_time":"2018-12-01T20:16:37+00:00","article_modified_time":"2018-12-01T21:16:37+00:00","og_image":[{"width":800,"height":533,"url":"https:\/\/labonacarn.com\/wp-content\/uploads\/2022\/03\/canelons.jpg","type":"image\/jpeg"}],"author":"Joan","twitter_card":"summary_large_image","twitter_misc":{"Escrito por":"Joan"},"schema":{"@context":"https:\/\/schema.org","@graph":[{"@type":"Article","@id":"https:\/\/labonacarn.com\/es\/los-canelones-de-la-tia\/#article","isPartOf":{"@id":"https:\/\/labonacarn.com\/es\/los-canelones-de-la-tia\/"},"author":{"name":"Joan","@id":"https:\/\/labonacarn.com\/es\/#\/schema\/person\/37c89ac8ca881971a5979798d268caf2"},"headline":"Los canelones de la t\u00eda","datePublished":"2018-12-01T20:16:37+00:00","dateModified":"2018-12-01T21:16:37+00:00","mainEntityOfPage":{"@id":"https:\/\/labonacarn.com\/es\/los-canelones-de-la-tia\/"},"wordCount":69,"image":{"@id":"https:\/\/labonacarn.com\/es\/los-canelones-de-la-tia\/#primaryimage"},"thumbnailUrl":"https:\/\/labonacarn.com\/wp-content\/uploads\/2022\/03\/canelons.jpg","articleSection":["Blog"],"inLanguage":"es"},{"@type":"WebPage","@id":"https:\/\/labonacarn.com\/es\/los-canelones-de-la-tia\/","url":"https:\/\/labonacarn.com\/es\/los-canelones-de-la-tia\/","name":"Los canelones de la t\u00eda - labonacarn.com","isPartOf":{"@id":"https:\/\/labonacarn.com\/es\/#website"},"primaryImageOfPage":{"@id":"https:\/\/labonacarn.com\/es\/los-canelones-de-la-tia\/#primaryimage"},"image":{"@id":"https:\/\/labonacarn.com\/es\/los-canelones-de-la-tia\/#primaryimage"},"thumbnailUrl":"https:\/\/labonacarn.com\/wp-content\/uploads\/2022\/03\/canelons.jpg","datePublished":"2018-12-01T20:16:37+00:00","dateModified":"2018-12-01T21:16:37+00:00","author":{"@id":"https:\/\/labonacarn.com\/es\/#\/schema\/person\/37c89ac8ca881971a5979798d268caf2"},"breadcrumb":{"@id":"https:\/\/labonacarn.com\/es\/los-canelones-de-la-tia\/#breadcrumb"},"inLanguage":"es","potentialAction":[{"@type":"ReadAction","target":["https:\/\/labonacarn.com\/es\/los-canelones-de-la-tia\/"]}]},{"@type":"ImageObject","inLanguage":"es","@id":"https:\/\/labonacarn.com\/es\/los-canelones-de-la-tia\/#primaryimage","url":"https:\/\/labonacarn.com\/wp-content\/uploads\/2022\/03\/canelons.jpg","contentUrl":"https:\/\/labonacarn.com\/wp-content\/uploads\/2022\/03\/canelons.jpg","width":800,"height":533},{"@type":"BreadcrumbList","@id":"https:\/\/labonacarn.com\/es\/los-canelones-de-la-tia\/#breadcrumb","itemListElement":[{"@type":"ListItem","position":1,"name":"Portada","item":"https:\/\/labonacarn.com\/es\/"},{"@type":"ListItem","position":2,"name":"Los canelones de la t\u00eda"}]},{"@type":"WebSite","@id":"https:\/\/labonacarn.com\/es\/#website","url":"https:\/\/labonacarn.com\/es\/","name":"labonacarn.com","description":"Venem carn de vedella, porc, pollastre, xai, poltre, gall dindi i embotits de primera qualitat i fets per nosaltres.","potentialAction":[{"@type":"SearchAction","target":{"@type":"EntryPoint","urlTemplate":"https:\/\/labonacarn.com\/es\/?s={search_term_string}"},"query-input":{"@type":"PropertyValueSpecification","valueRequired":true,"valueName":"search_term_string"}}],"inLanguage":"es"},{"@type":"Person","@id":"https:\/\/labonacarn.com\/es\/#\/schema\/person\/37c89ac8ca881971a5979798d268caf2","name":"Joan","image":{"@type":"ImageObject","inLanguage":"es","@id":"https:\/\/secure.gravatar.com\/avatar\/691564aa2d125f96a48e4bdf979dc70eeafd3e54b764cc1d48e8665b12481d4f?s=96&d=mm&r=g","url":"https:\/\/secure.gravatar.com\/avatar\/691564aa2d125f96a48e4bdf979dc70eeafd3e54b764cc1d48e8665b12481d4f?s=96&d=mm&r=g","contentUrl":"https:\/\/secure.gravatar.com\/avatar\/691564aa2d125f96a48e4bdf979dc70eeafd3e54b764cc1d48e8665b12481d4f?s=96&d=mm&r=g","caption":"Joan"},"url":"https:\/\/labonacarn.com\/es\/author\/joan\/"}]}},"_links":{"self":[{"href":"https:\/\/labonacarn.com\/es\/wp-json\/wp\/v2\/posts\/4588","targetHints":{"allow":["GET"]}}],"collection":[{"href":"https:\/\/labonacarn.com\/es\/wp-json\/wp\/v2\/posts"}],"about":[{"href":"https:\/\/labonacarn.com\/es\/wp-json\/wp\/v2\/types\/post"}],"author":[{"embeddable":true,"href":"https:\/\/labonacarn.com\/es\/wp-json\/wp\/v2\/users\/2"}],"replies":[{"embeddable":true,"href":"https:\/\/labonacarn.com\/es\/wp-json\/wp\/v2\/comments?post=4588"}],"version-history":[{"count":0,"href":"https:\/\/labonacarn.com\/es\/wp-json\/wp\/v2\/posts\/4588\/revisions"}],"wp:featuredmedia":[{"embeddable":true,"href":"https:\/\/labonacarn.com\/es\/wp-json\/wp\/v2\/media\/4140"}],"wp:attachment":[{"href":"https:\/\/labonacarn.com\/es\/wp-json\/wp\/v2\/media?parent=4588"}],"wp:term":[{"taxonomy":"category","embeddable":true,"href":"https:\/\/labonacarn.com\/es\/wp-json\/wp\/v2\/categories?post=4588"},{"taxonomy":"post_tag","embeddable":true,"href":"https:\/\/labonacarn.com\/es\/wp-json\/wp\/v2\/tags?post=4588"}],"curies":[{"name":"wp","href":"https:\/\/api.w.org\/{rel}","templated":true}]}}