{"id":3683,"date":"2018-05-30T21:22:15","date_gmt":"2018-05-30T21:22:15","guid":{"rendered":"https:\/\/labonacarn.com\/el-collagen-la-proteina-de-la-joventut\/"},"modified":"2022-03-13T12:13:51","modified_gmt":"2022-03-13T12:13:51","slug":"el-colageno-la-proteina-de-la-juventud","status":"publish","type":"post","link":"https:\/\/labonacarn.com\/es\/el-colageno-la-proteina-de-la-juventud\/","title":{"rendered":"El col\u00e1geno, la prote\u00edna de la juventud."},"content":{"rendered":"<h2>Lo col\u00e1geno en nuestro caldo.<\/h2>\n<p>El col\u00e1geno es una\u00a0prote\u00edna\u00a0presente en el cuerpo humano que forma parte estructural del tejido conjuntivo. Esta estructura envuelve y protege m\u00fasculos y \u00f3rganos vitales, y es esencial para la salud de huesos, ligamentos, tendones, cart\u00edlagos y piel, vasos sangu\u00edneos, c\u00f3rnea, enc\u00edas y cuero cabelludo.<\/p>\n<p><strong>Nuestro cuerpo tiene capacidad de fabricar col\u00e1geno, pero con el paso de los a\u00f1os, se reduce.<\/strong><br \/>\nEn la actualidad hay muchas personas que consumen col\u00e1geno a trav\u00e9s del consumo de p\u00edldoras, l\u00edquidos, cremas o incluso inyecciones.<\/p>\n<p><strong>\u00bfC\u00f3mo podemos obtener col\u00e1geno de forma natural y sin ning\u00fan dolor de cabeza?<\/strong><\/p>\n<p>El col\u00e1geno se obtiene de las gelatinas de los animales. En nuestro caso, cuando hacemos nuestro caldo, uno de los elementos m\u00e1s importantes que le ponemos es oreja de cerdo y pies de cerdo. Estos elementos cuando hacemos el caldo quedan en la botella como una sustancia distinta. Esta sustancia es el col\u00e1geno. Nunca la saque, es oro puro por nuestro cuerpo.<\/p>\n<p>Nunca cueles nuestro caldo, quitar\u00e1s el col\u00e1geno y perder\u00e1s todos sus beneficios.<\/p>\n","protected":false},"excerpt":{"rendered":"<p>Lo col\u00e1geno en nuestro caldo. El col\u00e1geno es una\u00a0prote\u00edna\u00a0presente en el cuerpo humano que forma parte estructural del tejido conjuntivo. Esta estructura envuelve y protege&#8230;<\/p>\n","protected":false},"author":2,"featured_media":3556,"comment_status":"closed","ping_status":"closed","sticky":false,"template":"","format":"standard","meta":{"_acf_changed":false,"_joinchat":[],"footnotes":""},"categories":[60],"tags":[],"class_list":{"0":"post-3683","1":"post","2":"type-post","3":"status-publish","4":"format-standard","5":"has-post-thumbnail","7":"category-blog-es"},"acf":[],"yoast_head":"<!-- This site is optimized with the Yoast SEO plugin v27.4 - https:\/\/yoast.com\/product\/yoast-seo-wordpress\/ -->\n<title>El col\u00e1geno, la prote\u00edna de la juventud. - labonacarn.com<\/title>\n<meta name=\"robots\" content=\"index, follow, max-snippet:-1, max-image-preview:large, max-video-preview:-1\" \/>\n<link rel=\"canonical\" href=\"https:\/\/labonacarn.com\/es\/el-colageno-la-proteina-de-la-juventud\/\" \/>\n<meta property=\"og:locale\" content=\"es_ES\" \/>\n<meta property=\"og:type\" content=\"article\" \/>\n<meta property=\"og:title\" content=\"El col\u00e1geno, la prote\u00edna de la juventud. - labonacarn.com\" \/>\n<meta property=\"og:description\" content=\"Lo col\u00e1geno en nuestro caldo. El col\u00e1geno es una\u00a0prote\u00edna\u00a0presente en el cuerpo humano que forma parte estructural del tejido conjuntivo. Esta estructura envuelve y protege...\" \/>\n<meta property=\"og:url\" content=\"https:\/\/labonacarn.com\/es\/el-colageno-la-proteina-de-la-juventud\/\" \/>\n<meta property=\"og:site_name\" content=\"labonacarn.com\" \/>\n<meta property=\"article:published_time\" content=\"2018-05-30T21:22:15+00:00\" \/>\n<meta property=\"article:modified_time\" content=\"2022-03-13T12:13:51+00:00\" \/>\n<meta property=\"og:image\" content=\"https:\/\/labonacarn.com\/wp-content\/uploads\/2022\/02\/vitamina.png\" \/>\n\t<meta property=\"og:image:width\" content=\"471\" \/>\n\t<meta property=\"og:image:height\" content=\"349\" \/>\n\t<meta property=\"og:image:type\" content=\"image\/png\" \/>\n<meta name=\"author\" content=\"Joan\" \/>\n<meta name=\"twitter:card\" content=\"summary_large_image\" \/>\n<meta name=\"twitter:label1\" content=\"Escrito por\" \/>\n\t<meta name=\"twitter:data1\" content=\"Joan\" \/>\n\t<meta name=\"twitter:label2\" content=\"Tiempo de lectura\" \/>\n\t<meta name=\"twitter:data2\" content=\"1 minuto\" \/>\n<script type=\"application\/ld+json\" class=\"yoast-schema-graph\">{\"@context\":\"https:\\\/\\\/schema.org\",\"@graph\":[{\"@type\":\"Article\",\"@id\":\"https:\\\/\\\/labonacarn.com\\\/es\\\/el-colageno-la-proteina-de-la-juventud\\\/#article\",\"isPartOf\":{\"@id\":\"https:\\\/\\\/labonacarn.com\\\/es\\\/el-colageno-la-proteina-de-la-juventud\\\/\"},\"author\":{\"name\":\"Joan\",\"@id\":\"https:\\\/\\\/labonacarn.com\\\/es\\\/#\\\/schema\\\/person\\\/37c89ac8ca881971a5979798d268caf2\"},\"headline\":\"El col\u00e1geno, la prote\u00edna de la juventud.\",\"datePublished\":\"2018-05-30T21:22:15+00:00\",\"dateModified\":\"2022-03-13T12:13:51+00:00\",\"mainEntityOfPage\":{\"@id\":\"https:\\\/\\\/labonacarn.com\\\/es\\\/el-colageno-la-proteina-de-la-juventud\\\/\"},\"wordCount\":206,\"image\":{\"@id\":\"https:\\\/\\\/labonacarn.com\\\/es\\\/el-colageno-la-proteina-de-la-juventud\\\/#primaryimage\"},\"thumbnailUrl\":\"https:\\\/\\\/labonacarn.com\\\/wp-content\\\/uploads\\\/2022\\\/02\\\/vitamina.png\",\"articleSection\":[\"Blog\"],\"inLanguage\":\"es\"},{\"@type\":\"WebPage\",\"@id\":\"https:\\\/\\\/labonacarn.com\\\/es\\\/el-colageno-la-proteina-de-la-juventud\\\/\",\"url\":\"https:\\\/\\\/labonacarn.com\\\/es\\\/el-colageno-la-proteina-de-la-juventud\\\/\",\"name\":\"El col\u00e1geno, la prote\u00edna de la juventud. - labonacarn.com\",\"isPartOf\":{\"@id\":\"https:\\\/\\\/labonacarn.com\\\/es\\\/#website\"},\"primaryImageOfPage\":{\"@id\":\"https:\\\/\\\/labonacarn.com\\\/es\\\/el-colageno-la-proteina-de-la-juventud\\\/#primaryimage\"},\"image\":{\"@id\":\"https:\\\/\\\/labonacarn.com\\\/es\\\/el-colageno-la-proteina-de-la-juventud\\\/#primaryimage\"},\"thumbnailUrl\":\"https:\\\/\\\/labonacarn.com\\\/wp-content\\\/uploads\\\/2022\\\/02\\\/vitamina.png\",\"datePublished\":\"2018-05-30T21:22:15+00:00\",\"dateModified\":\"2022-03-13T12:13:51+00:00\",\"author\":{\"@id\":\"https:\\\/\\\/labonacarn.com\\\/es\\\/#\\\/schema\\\/person\\\/37c89ac8ca881971a5979798d268caf2\"},\"breadcrumb\":{\"@id\":\"https:\\\/\\\/labonacarn.com\\\/es\\\/el-colageno-la-proteina-de-la-juventud\\\/#breadcrumb\"},\"inLanguage\":\"es\",\"potentialAction\":[{\"@type\":\"ReadAction\",\"target\":[\"https:\\\/\\\/labonacarn.com\\\/es\\\/el-colageno-la-proteina-de-la-juventud\\\/\"]}]},{\"@type\":\"ImageObject\",\"inLanguage\":\"es\",\"@id\":\"https:\\\/\\\/labonacarn.com\\\/es\\\/el-colageno-la-proteina-de-la-juventud\\\/#primaryimage\",\"url\":\"https:\\\/\\\/labonacarn.com\\\/wp-content\\\/uploads\\\/2022\\\/02\\\/vitamina.png\",\"contentUrl\":\"https:\\\/\\\/labonacarn.com\\\/wp-content\\\/uploads\\\/2022\\\/02\\\/vitamina.png\",\"width\":471,\"height\":349},{\"@type\":\"BreadcrumbList\",\"@id\":\"https:\\\/\\\/labonacarn.com\\\/es\\\/el-colageno-la-proteina-de-la-juventud\\\/#breadcrumb\",\"itemListElement\":[{\"@type\":\"ListItem\",\"position\":1,\"name\":\"Portada\",\"item\":\"https:\\\/\\\/labonacarn.com\\\/es\\\/\"},{\"@type\":\"ListItem\",\"position\":2,\"name\":\"El col\u00e1geno, la prote\u00edna de la juventud.\"}]},{\"@type\":\"WebSite\",\"@id\":\"https:\\\/\\\/labonacarn.com\\\/es\\\/#website\",\"url\":\"https:\\\/\\\/labonacarn.com\\\/es\\\/\",\"name\":\"labonacarn.com\",\"description\":\"Venem carn de vedella, porc, pollastre, xai, poltre, gall dindi i embotits de primera qualitat i fets per nosaltres.\",\"potentialAction\":[{\"@type\":\"SearchAction\",\"target\":{\"@type\":\"EntryPoint\",\"urlTemplate\":\"https:\\\/\\\/labonacarn.com\\\/es\\\/?s={search_term_string}\"},\"query-input\":{\"@type\":\"PropertyValueSpecification\",\"valueRequired\":true,\"valueName\":\"search_term_string\"}}],\"inLanguage\":\"es\"},{\"@type\":\"Person\",\"@id\":\"https:\\\/\\\/labonacarn.com\\\/es\\\/#\\\/schema\\\/person\\\/37c89ac8ca881971a5979798d268caf2\",\"name\":\"Joan\",\"image\":{\"@type\":\"ImageObject\",\"inLanguage\":\"es\",\"@id\":\"https:\\\/\\\/secure.gravatar.com\\\/avatar\\\/691564aa2d125f96a48e4bdf979dc70eeafd3e54b764cc1d48e8665b12481d4f?s=96&d=mm&r=g\",\"url\":\"https:\\\/\\\/secure.gravatar.com\\\/avatar\\\/691564aa2d125f96a48e4bdf979dc70eeafd3e54b764cc1d48e8665b12481d4f?s=96&d=mm&r=g\",\"contentUrl\":\"https:\\\/\\\/secure.gravatar.com\\\/avatar\\\/691564aa2d125f96a48e4bdf979dc70eeafd3e54b764cc1d48e8665b12481d4f?s=96&d=mm&r=g\",\"caption\":\"Joan\"},\"url\":\"https:\\\/\\\/labonacarn.com\\\/es\\\/author\\\/joan\\\/\"}]}<\/script>\n<!-- \/ Yoast SEO plugin. -->","yoast_head_json":{"title":"El col\u00e1geno, la prote\u00edna de la juventud. - labonacarn.com","robots":{"index":"index","follow":"follow","max-snippet":"max-snippet:-1","max-image-preview":"max-image-preview:large","max-video-preview":"max-video-preview:-1"},"canonical":"https:\/\/labonacarn.com\/es\/el-colageno-la-proteina-de-la-juventud\/","og_locale":"es_ES","og_type":"article","og_title":"El col\u00e1geno, la prote\u00edna de la juventud. - labonacarn.com","og_description":"Lo col\u00e1geno en nuestro caldo. El col\u00e1geno es una\u00a0prote\u00edna\u00a0presente en el cuerpo humano que forma parte estructural del tejido conjuntivo. Esta estructura envuelve y protege...","og_url":"https:\/\/labonacarn.com\/es\/el-colageno-la-proteina-de-la-juventud\/","og_site_name":"labonacarn.com","article_published_time":"2018-05-30T21:22:15+00:00","article_modified_time":"2022-03-13T12:13:51+00:00","og_image":[{"width":471,"height":349,"url":"https:\/\/labonacarn.com\/wp-content\/uploads\/2022\/02\/vitamina.png","type":"image\/png"}],"author":"Joan","twitter_card":"summary_large_image","twitter_misc":{"Escrito por":"Joan","Tiempo de lectura":"1 minuto"},"schema":{"@context":"https:\/\/schema.org","@graph":[{"@type":"Article","@id":"https:\/\/labonacarn.com\/es\/el-colageno-la-proteina-de-la-juventud\/#article","isPartOf":{"@id":"https:\/\/labonacarn.com\/es\/el-colageno-la-proteina-de-la-juventud\/"},"author":{"name":"Joan","@id":"https:\/\/labonacarn.com\/es\/#\/schema\/person\/37c89ac8ca881971a5979798d268caf2"},"headline":"El col\u00e1geno, la prote\u00edna de la juventud.","datePublished":"2018-05-30T21:22:15+00:00","dateModified":"2022-03-13T12:13:51+00:00","mainEntityOfPage":{"@id":"https:\/\/labonacarn.com\/es\/el-colageno-la-proteina-de-la-juventud\/"},"wordCount":206,"image":{"@id":"https:\/\/labonacarn.com\/es\/el-colageno-la-proteina-de-la-juventud\/#primaryimage"},"thumbnailUrl":"https:\/\/labonacarn.com\/wp-content\/uploads\/2022\/02\/vitamina.png","articleSection":["Blog"],"inLanguage":"es"},{"@type":"WebPage","@id":"https:\/\/labonacarn.com\/es\/el-colageno-la-proteina-de-la-juventud\/","url":"https:\/\/labonacarn.com\/es\/el-colageno-la-proteina-de-la-juventud\/","name":"El col\u00e1geno, la prote\u00edna de la juventud. - labonacarn.com","isPartOf":{"@id":"https:\/\/labonacarn.com\/es\/#website"},"primaryImageOfPage":{"@id":"https:\/\/labonacarn.com\/es\/el-colageno-la-proteina-de-la-juventud\/#primaryimage"},"image":{"@id":"https:\/\/labonacarn.com\/es\/el-colageno-la-proteina-de-la-juventud\/#primaryimage"},"thumbnailUrl":"https:\/\/labonacarn.com\/wp-content\/uploads\/2022\/02\/vitamina.png","datePublished":"2018-05-30T21:22:15+00:00","dateModified":"2022-03-13T12:13:51+00:00","author":{"@id":"https:\/\/labonacarn.com\/es\/#\/schema\/person\/37c89ac8ca881971a5979798d268caf2"},"breadcrumb":{"@id":"https:\/\/labonacarn.com\/es\/el-colageno-la-proteina-de-la-juventud\/#breadcrumb"},"inLanguage":"es","potentialAction":[{"@type":"ReadAction","target":["https:\/\/labonacarn.com\/es\/el-colageno-la-proteina-de-la-juventud\/"]}]},{"@type":"ImageObject","inLanguage":"es","@id":"https:\/\/labonacarn.com\/es\/el-colageno-la-proteina-de-la-juventud\/#primaryimage","url":"https:\/\/labonacarn.com\/wp-content\/uploads\/2022\/02\/vitamina.png","contentUrl":"https:\/\/labonacarn.com\/wp-content\/uploads\/2022\/02\/vitamina.png","width":471,"height":349},{"@type":"BreadcrumbList","@id":"https:\/\/labonacarn.com\/es\/el-colageno-la-proteina-de-la-juventud\/#breadcrumb","itemListElement":[{"@type":"ListItem","position":1,"name":"Portada","item":"https:\/\/labonacarn.com\/es\/"},{"@type":"ListItem","position":2,"name":"El col\u00e1geno, la prote\u00edna de la juventud."}]},{"@type":"WebSite","@id":"https:\/\/labonacarn.com\/es\/#website","url":"https:\/\/labonacarn.com\/es\/","name":"labonacarn.com","description":"Venem carn de vedella, porc, pollastre, xai, poltre, gall dindi i embotits de primera qualitat i fets per nosaltres.","potentialAction":[{"@type":"SearchAction","target":{"@type":"EntryPoint","urlTemplate":"https:\/\/labonacarn.com\/es\/?s={search_term_string}"},"query-input":{"@type":"PropertyValueSpecification","valueRequired":true,"valueName":"search_term_string"}}],"inLanguage":"es"},{"@type":"Person","@id":"https:\/\/labonacarn.com\/es\/#\/schema\/person\/37c89ac8ca881971a5979798d268caf2","name":"Joan","image":{"@type":"ImageObject","inLanguage":"es","@id":"https:\/\/secure.gravatar.com\/avatar\/691564aa2d125f96a48e4bdf979dc70eeafd3e54b764cc1d48e8665b12481d4f?s=96&d=mm&r=g","url":"https:\/\/secure.gravatar.com\/avatar\/691564aa2d125f96a48e4bdf979dc70eeafd3e54b764cc1d48e8665b12481d4f?s=96&d=mm&r=g","contentUrl":"https:\/\/secure.gravatar.com\/avatar\/691564aa2d125f96a48e4bdf979dc70eeafd3e54b764cc1d48e8665b12481d4f?s=96&d=mm&r=g","caption":"Joan"},"url":"https:\/\/labonacarn.com\/es\/author\/joan\/"}]}},"_links":{"self":[{"href":"https:\/\/labonacarn.com\/es\/wp-json\/wp\/v2\/posts\/3683","targetHints":{"allow":["GET"]}}],"collection":[{"href":"https:\/\/labonacarn.com\/es\/wp-json\/wp\/v2\/posts"}],"about":[{"href":"https:\/\/labonacarn.com\/es\/wp-json\/wp\/v2\/types\/post"}],"author":[{"embeddable":true,"href":"https:\/\/labonacarn.com\/es\/wp-json\/wp\/v2\/users\/2"}],"replies":[{"embeddable":true,"href":"https:\/\/labonacarn.com\/es\/wp-json\/wp\/v2\/comments?post=3683"}],"version-history":[{"count":0,"href":"https:\/\/labonacarn.com\/es\/wp-json\/wp\/v2\/posts\/3683\/revisions"}],"wp:featuredmedia":[{"embeddable":true,"href":"https:\/\/labonacarn.com\/es\/wp-json\/wp\/v2\/media\/3556"}],"wp:attachment":[{"href":"https:\/\/labonacarn.com\/es\/wp-json\/wp\/v2\/media?parent=3683"}],"wp:term":[{"taxonomy":"category","embeddable":true,"href":"https:\/\/labonacarn.com\/es\/wp-json\/wp\/v2\/categories?post=3683"},{"taxonomy":"post_tag","embeddable":true,"href":"https:\/\/labonacarn.com\/es\/wp-json\/wp\/v2\/tags?post=3683"}],"curies":[{"name":"wp","href":"https:\/\/api.w.org\/{rel}","templated":true}]}}