{"id":3679,"date":"2018-08-20T21:43:02","date_gmt":"2018-08-20T21:43:02","guid":{"rendered":"https:\/\/labonacarn.com\/l-anemia\/"},"modified":"2022-03-13T12:18:39","modified_gmt":"2022-03-13T12:18:39","slug":"la-anemia","status":"publish","type":"post","link":"https:\/\/labonacarn.com\/es\/la-anemia\/","title":{"rendered":"La anemia"},"content":{"rendered":"<p dir=\"ltr\"><span>La anemia se define como una disminuci\u00f3n en el n\u00famero de gl\u00f3bulos rojos (o hemat\u00edes) en la sangre o en los niveles de hemoglobina respecto a los valores normales.<\/span><\/p>\n<p dir=\"ltr\"><span>La principal funci\u00f3n de los gl\u00f3bulos rojos es el transporte de ox\u00edgeno en la sangre y su liberaci\u00f3n en los distintos tejidos.\u00a0El ox\u00edgeno se transporta al interior del eritrocito unido a la hemoglobina.<\/span><\/p>\n<h3><span>\u00bfCu\u00e1les son las causas de esa disminuci\u00f3n de gl\u00f3bulos rojos?<\/span><\/h3>\n<p dir=\"ltr\"><span>En podem diferenciar tres causes:<\/span><\/p>\n<ol>\n<li>\n<p dir=\"ltr\"><span>que nuestro cuerpo no hace suficiente, por un d\u00e9ficit de hierro en la sangre.<\/span><\/p>\n<\/li>\n<li>\n<p dir=\"ltr\"><span>para que haya un trastorno en la maduraci\u00f3n de estos gl\u00f3bulos rojos en la m\u00e9dula \u00f3sea donde se forman.<\/span><\/p>\n<\/li>\n<li>\n<p dir=\"ltr\"><span>para que se destruyan o pierdan a mayor velocidad.<\/span><\/p>\n<\/li>\n<\/ol>\n<h3><span>\u00bfCu\u00e1les son los s\u00edntomas?<\/span><\/h3>\n<p dir=\"ltr\"><span>La anemia puede instaurarse de forma aguda o cr\u00f3nica y los s\u00edntomas son distintos en funci\u00f3n, precisamente, de la rapidez con la que aparezca.<\/span><\/p>\n<p dir=\"ltr\"><span>La anemia ligera comienza a manifestarse como una disminuci\u00f3n de la resistencia al ejercicio f\u00edsico, que se acompa\u00f1a de taquicardia y dificultad respiratoria.\u00a0Si la anemia se hace m\u00e1s intensa, estos s\u00edntomas se acent\u00faan y aparecen con m\u00ednimos esfuerzos o incluso en reposo, asoci\u00e1ndose a cansancio extremo.<\/span><\/p>\n<h3><span>El tratamiento<\/span><\/h3>\n<p dir=\"ltr\"><span>Es necesario un correcto diagn\u00f3stico y por eso es necesario la visita al correspondiente m\u00e9dico especialista en la materia.<\/span><\/p>\n<p dir=\"ltr\"><span>En el mundo de la alimentaci\u00f3n, y m\u00e1s concretamente en el de la carne, le recomendamos la carne de potro.<\/span><\/p>\n<p dir=\"ltr\"><span>Su consumo est\u00e1 recomendado por la Generalidad de Catalu\u00f1a en su informe sobre el Plan integral sobre la promoci\u00f3n de la salud mediante la actividad f\u00edsica y la alimentaci\u00f3n saludable.<\/span><\/p>\n<p dir=\"ltr\"><span>Se recomienda el consumo de carne de potro a partir de los 12 meses.<\/span><\/p>\n<h4><span>Es una de las carnes con menor contenido en grasas y una de las m\u00e1s altas en \u00e1cidos grasos esenciales omega 3 , ideal para luchar contra el colesterol.<\/span><\/h4>\n<h4><span>Si haces deporte, es la carne m\u00e1s recomendada.<\/span><\/h4>\n","protected":false},"excerpt":{"rendered":"<p>La anemia se define como una disminuci\u00f3n en el n\u00famero de gl\u00f3bulos rojos (o hemat\u00edes) en la sangre o en los niveles de hemoglobina respecto&#8230;<\/p>\n","protected":false},"author":2,"featured_media":3559,"comment_status":"closed","ping_status":"closed","sticky":false,"template":"","format":"standard","meta":{"_acf_changed":false,"_joinchat":[],"footnotes":""},"categories":[60],"tags":[],"class_list":{"0":"post-3679","1":"post","2":"type-post","3":"status-publish","4":"format-standard","5":"has-post-thumbnail","7":"category-blog-es"},"acf":[],"yoast_head":"<!-- This site is optimized with the Yoast SEO plugin v27.4 - https:\/\/yoast.com\/product\/yoast-seo-wordpress\/ -->\n<title>La anemia - labonacarn.com<\/title>\n<meta name=\"robots\" content=\"index, follow, max-snippet:-1, max-image-preview:large, max-video-preview:-1\" \/>\n<link rel=\"canonical\" href=\"https:\/\/labonacarn.com\/es\/la-anemia\/\" \/>\n<meta property=\"og:locale\" content=\"es_ES\" \/>\n<meta property=\"og:type\" content=\"article\" \/>\n<meta property=\"og:title\" content=\"La anemia - labonacarn.com\" \/>\n<meta property=\"og:description\" content=\"La anemia se define como una disminuci\u00f3n en el n\u00famero de gl\u00f3bulos rojos (o hemat\u00edes) en la sangre o en los niveles de hemoglobina respecto...\" \/>\n<meta property=\"og:url\" content=\"https:\/\/labonacarn.com\/es\/la-anemia\/\" \/>\n<meta property=\"og:site_name\" content=\"labonacarn.com\" \/>\n<meta property=\"article:published_time\" content=\"2018-08-20T21:43:02+00:00\" \/>\n<meta property=\"article:modified_time\" content=\"2022-03-13T12:18:39+00:00\" \/>\n<meta property=\"og:image\" content=\"https:\/\/labonacarn.com\/wp-content\/uploads\/2022\/02\/anemia.jpg\" \/>\n\t<meta property=\"og:image:width\" content=\"600\" \/>\n\t<meta property=\"og:image:height\" content=\"400\" \/>\n\t<meta property=\"og:image:type\" content=\"image\/jpeg\" \/>\n<meta name=\"author\" content=\"Joan\" \/>\n<meta name=\"twitter:card\" content=\"summary_large_image\" \/>\n<meta name=\"twitter:label1\" content=\"Escrito por\" \/>\n\t<meta name=\"twitter:data1\" content=\"Joan\" \/>\n\t<meta name=\"twitter:label2\" content=\"Tiempo de lectura\" \/>\n\t<meta name=\"twitter:data2\" content=\"2 minutos\" \/>\n<script type=\"application\/ld+json\" class=\"yoast-schema-graph\">{\"@context\":\"https:\\\/\\\/schema.org\",\"@graph\":[{\"@type\":\"Article\",\"@id\":\"https:\\\/\\\/labonacarn.com\\\/es\\\/la-anemia\\\/#article\",\"isPartOf\":{\"@id\":\"https:\\\/\\\/labonacarn.com\\\/es\\\/la-anemia\\\/\"},\"author\":{\"name\":\"Joan\",\"@id\":\"https:\\\/\\\/labonacarn.com\\\/es\\\/#\\\/schema\\\/person\\\/37c89ac8ca881971a5979798d268caf2\"},\"headline\":\"La anemia\",\"datePublished\":\"2018-08-20T21:43:02+00:00\",\"dateModified\":\"2022-03-13T12:18:39+00:00\",\"mainEntityOfPage\":{\"@id\":\"https:\\\/\\\/labonacarn.com\\\/es\\\/la-anemia\\\/\"},\"wordCount\":355,\"image\":{\"@id\":\"https:\\\/\\\/labonacarn.com\\\/es\\\/la-anemia\\\/#primaryimage\"},\"thumbnailUrl\":\"https:\\\/\\\/labonacarn.com\\\/wp-content\\\/uploads\\\/2022\\\/02\\\/anemia.jpg\",\"articleSection\":[\"Blog\"],\"inLanguage\":\"es\"},{\"@type\":\"WebPage\",\"@id\":\"https:\\\/\\\/labonacarn.com\\\/es\\\/la-anemia\\\/\",\"url\":\"https:\\\/\\\/labonacarn.com\\\/es\\\/la-anemia\\\/\",\"name\":\"La anemia - labonacarn.com\",\"isPartOf\":{\"@id\":\"https:\\\/\\\/labonacarn.com\\\/es\\\/#website\"},\"primaryImageOfPage\":{\"@id\":\"https:\\\/\\\/labonacarn.com\\\/es\\\/la-anemia\\\/#primaryimage\"},\"image\":{\"@id\":\"https:\\\/\\\/labonacarn.com\\\/es\\\/la-anemia\\\/#primaryimage\"},\"thumbnailUrl\":\"https:\\\/\\\/labonacarn.com\\\/wp-content\\\/uploads\\\/2022\\\/02\\\/anemia.jpg\",\"datePublished\":\"2018-08-20T21:43:02+00:00\",\"dateModified\":\"2022-03-13T12:18:39+00:00\",\"author\":{\"@id\":\"https:\\\/\\\/labonacarn.com\\\/es\\\/#\\\/schema\\\/person\\\/37c89ac8ca881971a5979798d268caf2\"},\"breadcrumb\":{\"@id\":\"https:\\\/\\\/labonacarn.com\\\/es\\\/la-anemia\\\/#breadcrumb\"},\"inLanguage\":\"es\",\"potentialAction\":[{\"@type\":\"ReadAction\",\"target\":[\"https:\\\/\\\/labonacarn.com\\\/es\\\/la-anemia\\\/\"]}]},{\"@type\":\"ImageObject\",\"inLanguage\":\"es\",\"@id\":\"https:\\\/\\\/labonacarn.com\\\/es\\\/la-anemia\\\/#primaryimage\",\"url\":\"https:\\\/\\\/labonacarn.com\\\/wp-content\\\/uploads\\\/2022\\\/02\\\/anemia.jpg\",\"contentUrl\":\"https:\\\/\\\/labonacarn.com\\\/wp-content\\\/uploads\\\/2022\\\/02\\\/anemia.jpg\",\"width\":600,\"height\":400},{\"@type\":\"BreadcrumbList\",\"@id\":\"https:\\\/\\\/labonacarn.com\\\/es\\\/la-anemia\\\/#breadcrumb\",\"itemListElement\":[{\"@type\":\"ListItem\",\"position\":1,\"name\":\"Portada\",\"item\":\"https:\\\/\\\/labonacarn.com\\\/es\\\/\"},{\"@type\":\"ListItem\",\"position\":2,\"name\":\"La anemia\"}]},{\"@type\":\"WebSite\",\"@id\":\"https:\\\/\\\/labonacarn.com\\\/es\\\/#website\",\"url\":\"https:\\\/\\\/labonacarn.com\\\/es\\\/\",\"name\":\"labonacarn.com\",\"description\":\"Venem carn de vedella, porc, pollastre, xai, poltre, gall dindi i embotits de primera qualitat i fets per nosaltres.\",\"potentialAction\":[{\"@type\":\"SearchAction\",\"target\":{\"@type\":\"EntryPoint\",\"urlTemplate\":\"https:\\\/\\\/labonacarn.com\\\/es\\\/?s={search_term_string}\"},\"query-input\":{\"@type\":\"PropertyValueSpecification\",\"valueRequired\":true,\"valueName\":\"search_term_string\"}}],\"inLanguage\":\"es\"},{\"@type\":\"Person\",\"@id\":\"https:\\\/\\\/labonacarn.com\\\/es\\\/#\\\/schema\\\/person\\\/37c89ac8ca881971a5979798d268caf2\",\"name\":\"Joan\",\"image\":{\"@type\":\"ImageObject\",\"inLanguage\":\"es\",\"@id\":\"https:\\\/\\\/secure.gravatar.com\\\/avatar\\\/691564aa2d125f96a48e4bdf979dc70eeafd3e54b764cc1d48e8665b12481d4f?s=96&d=mm&r=g\",\"url\":\"https:\\\/\\\/secure.gravatar.com\\\/avatar\\\/691564aa2d125f96a48e4bdf979dc70eeafd3e54b764cc1d48e8665b12481d4f?s=96&d=mm&r=g\",\"contentUrl\":\"https:\\\/\\\/secure.gravatar.com\\\/avatar\\\/691564aa2d125f96a48e4bdf979dc70eeafd3e54b764cc1d48e8665b12481d4f?s=96&d=mm&r=g\",\"caption\":\"Joan\"},\"url\":\"https:\\\/\\\/labonacarn.com\\\/es\\\/author\\\/joan\\\/\"}]}<\/script>\n<!-- \/ Yoast SEO plugin. -->","yoast_head_json":{"title":"La anemia - labonacarn.com","robots":{"index":"index","follow":"follow","max-snippet":"max-snippet:-1","max-image-preview":"max-image-preview:large","max-video-preview":"max-video-preview:-1"},"canonical":"https:\/\/labonacarn.com\/es\/la-anemia\/","og_locale":"es_ES","og_type":"article","og_title":"La anemia - labonacarn.com","og_description":"La anemia se define como una disminuci\u00f3n en el n\u00famero de gl\u00f3bulos rojos (o hemat\u00edes) en la sangre o en los niveles de hemoglobina respecto...","og_url":"https:\/\/labonacarn.com\/es\/la-anemia\/","og_site_name":"labonacarn.com","article_published_time":"2018-08-20T21:43:02+00:00","article_modified_time":"2022-03-13T12:18:39+00:00","og_image":[{"width":600,"height":400,"url":"https:\/\/labonacarn.com\/wp-content\/uploads\/2022\/02\/anemia.jpg","type":"image\/jpeg"}],"author":"Joan","twitter_card":"summary_large_image","twitter_misc":{"Escrito por":"Joan","Tiempo de lectura":"2 minutos"},"schema":{"@context":"https:\/\/schema.org","@graph":[{"@type":"Article","@id":"https:\/\/labonacarn.com\/es\/la-anemia\/#article","isPartOf":{"@id":"https:\/\/labonacarn.com\/es\/la-anemia\/"},"author":{"name":"Joan","@id":"https:\/\/labonacarn.com\/es\/#\/schema\/person\/37c89ac8ca881971a5979798d268caf2"},"headline":"La anemia","datePublished":"2018-08-20T21:43:02+00:00","dateModified":"2022-03-13T12:18:39+00:00","mainEntityOfPage":{"@id":"https:\/\/labonacarn.com\/es\/la-anemia\/"},"wordCount":355,"image":{"@id":"https:\/\/labonacarn.com\/es\/la-anemia\/#primaryimage"},"thumbnailUrl":"https:\/\/labonacarn.com\/wp-content\/uploads\/2022\/02\/anemia.jpg","articleSection":["Blog"],"inLanguage":"es"},{"@type":"WebPage","@id":"https:\/\/labonacarn.com\/es\/la-anemia\/","url":"https:\/\/labonacarn.com\/es\/la-anemia\/","name":"La anemia - labonacarn.com","isPartOf":{"@id":"https:\/\/labonacarn.com\/es\/#website"},"primaryImageOfPage":{"@id":"https:\/\/labonacarn.com\/es\/la-anemia\/#primaryimage"},"image":{"@id":"https:\/\/labonacarn.com\/es\/la-anemia\/#primaryimage"},"thumbnailUrl":"https:\/\/labonacarn.com\/wp-content\/uploads\/2022\/02\/anemia.jpg","datePublished":"2018-08-20T21:43:02+00:00","dateModified":"2022-03-13T12:18:39+00:00","author":{"@id":"https:\/\/labonacarn.com\/es\/#\/schema\/person\/37c89ac8ca881971a5979798d268caf2"},"breadcrumb":{"@id":"https:\/\/labonacarn.com\/es\/la-anemia\/#breadcrumb"},"inLanguage":"es","potentialAction":[{"@type":"ReadAction","target":["https:\/\/labonacarn.com\/es\/la-anemia\/"]}]},{"@type":"ImageObject","inLanguage":"es","@id":"https:\/\/labonacarn.com\/es\/la-anemia\/#primaryimage","url":"https:\/\/labonacarn.com\/wp-content\/uploads\/2022\/02\/anemia.jpg","contentUrl":"https:\/\/labonacarn.com\/wp-content\/uploads\/2022\/02\/anemia.jpg","width":600,"height":400},{"@type":"BreadcrumbList","@id":"https:\/\/labonacarn.com\/es\/la-anemia\/#breadcrumb","itemListElement":[{"@type":"ListItem","position":1,"name":"Portada","item":"https:\/\/labonacarn.com\/es\/"},{"@type":"ListItem","position":2,"name":"La anemia"}]},{"@type":"WebSite","@id":"https:\/\/labonacarn.com\/es\/#website","url":"https:\/\/labonacarn.com\/es\/","name":"labonacarn.com","description":"Venem carn de vedella, porc, pollastre, xai, poltre, gall dindi i embotits de primera qualitat i fets per nosaltres.","potentialAction":[{"@type":"SearchAction","target":{"@type":"EntryPoint","urlTemplate":"https:\/\/labonacarn.com\/es\/?s={search_term_string}"},"query-input":{"@type":"PropertyValueSpecification","valueRequired":true,"valueName":"search_term_string"}}],"inLanguage":"es"},{"@type":"Person","@id":"https:\/\/labonacarn.com\/es\/#\/schema\/person\/37c89ac8ca881971a5979798d268caf2","name":"Joan","image":{"@type":"ImageObject","inLanguage":"es","@id":"https:\/\/secure.gravatar.com\/avatar\/691564aa2d125f96a48e4bdf979dc70eeafd3e54b764cc1d48e8665b12481d4f?s=96&d=mm&r=g","url":"https:\/\/secure.gravatar.com\/avatar\/691564aa2d125f96a48e4bdf979dc70eeafd3e54b764cc1d48e8665b12481d4f?s=96&d=mm&r=g","contentUrl":"https:\/\/secure.gravatar.com\/avatar\/691564aa2d125f96a48e4bdf979dc70eeafd3e54b764cc1d48e8665b12481d4f?s=96&d=mm&r=g","caption":"Joan"},"url":"https:\/\/labonacarn.com\/es\/author\/joan\/"}]}},"_links":{"self":[{"href":"https:\/\/labonacarn.com\/es\/wp-json\/wp\/v2\/posts\/3679","targetHints":{"allow":["GET"]}}],"collection":[{"href":"https:\/\/labonacarn.com\/es\/wp-json\/wp\/v2\/posts"}],"about":[{"href":"https:\/\/labonacarn.com\/es\/wp-json\/wp\/v2\/types\/post"}],"author":[{"embeddable":true,"href":"https:\/\/labonacarn.com\/es\/wp-json\/wp\/v2\/users\/2"}],"replies":[{"embeddable":true,"href":"https:\/\/labonacarn.com\/es\/wp-json\/wp\/v2\/comments?post=3679"}],"version-history":[{"count":0,"href":"https:\/\/labonacarn.com\/es\/wp-json\/wp\/v2\/posts\/3679\/revisions"}],"wp:featuredmedia":[{"embeddable":true,"href":"https:\/\/labonacarn.com\/es\/wp-json\/wp\/v2\/media\/3559"}],"wp:attachment":[{"href":"https:\/\/labonacarn.com\/es\/wp-json\/wp\/v2\/media?parent=3679"}],"wp:term":[{"taxonomy":"category","embeddable":true,"href":"https:\/\/labonacarn.com\/es\/wp-json\/wp\/v2\/categories?post=3679"},{"taxonomy":"post_tag","embeddable":true,"href":"https:\/\/labonacarn.com\/es\/wp-json\/wp\/v2\/tags?post=3679"}],"curies":[{"name":"wp","href":"https:\/\/api.w.org\/{rel}","templated":true}]}}