{"id":3675,"date":"2018-09-20T21:54:20","date_gmt":"2018-09-20T21:54:20","guid":{"rendered":"https:\/\/labonacarn.com\/sense-gluten-si-us-plau\/"},"modified":"2022-03-13T12:24:57","modified_gmt":"2022-03-13T12:24:57","slug":"sin-gluten-por-favor","status":"publish","type":"post","link":"https:\/\/labonacarn.com\/es\/sin-gluten-por-favor\/","title":{"rendered":"Sin gluten por favor"},"content":{"rendered":"<h1><span>SIN GLUTEN !!!<\/span><\/h1>\n<p><span>Cada vez nos encontramos con amigos que tienen intolerancias.\u00a0Unos en el consumo de gluten, otros en la lactosa y ya algunos en el ajo.<\/span><\/p>\n<p><span>Bien, nuestro deseo es poder satisfacer a nuestro cliente y es por eso que hemos dado un paso adelante en el mundo de las intolerancias.<\/span><\/p>\n<p><span>Todas nuestras carnes elaboradas, nunca traen ning\u00fan a\u00f1adido que no est\u00e9 en el enunciado.\u00a0Es decir, en una hamburguesa, \u00fanicamente lleva la carne y el ingrediente pedido, sal y pimienta seg\u00fan petici\u00f3n.\u00a0En ning\u00fan caso a\u00f1adimos ni ponemos ning\u00fan elemento adicional, como por ejemplo conservantes, lactosa, trigo, etc, etc.<\/span><\/p>\n<p><span>Por tanto, se trata de productos que siempre los pueden consumir personas que tienen problemas con el gluten y la lactosa por ejemplo.<\/span><\/p>\n<p><span>Nos quedaba un punto pendiente y eran las alb\u00f3ndigas y los liibretes con jam\u00f3n dulce y queso.\u00a0Acabamos de empezar este 2016 y ya podemos decirles, sobre todo a nuestros amigos cel\u00edacos, que ya tenemos a su disposici\u00f3n las alb\u00f3ndigas y los libritos con jam\u00f3n dulce y queso sin gluten.\u00a0Hemos cambiado el pan que hasta ahora utilizamos y ahora utilizamos un pan hecho sin gluten.\u00a0A nivel de gusto, nada cambia y la textura es la misma.\u00a0A nivel de imagen, este pan es algo m\u00e1s amarillo envejecido, y por tanto, estos art\u00edculos tienen ahora un color m\u00e1s amarillo apagado.<\/span><\/p>\n<p><span>Seguimos trabajando\u2026!!!<\/span><\/p>\n","protected":false},"excerpt":{"rendered":"<p>SIN GLUTEN !!! Cada vez nos encontramos con amigos que tienen intolerancias.\u00a0Unos en el consumo de gluten, otros en la lactosa y ya algunos en&#8230;<\/p>\n","protected":false},"author":2,"featured_media":3565,"comment_status":"closed","ping_status":"closed","sticky":false,"template":"","format":"standard","meta":{"_acf_changed":false,"_joinchat":[],"footnotes":""},"categories":[60],"tags":[],"class_list":{"0":"post-3675","1":"post","2":"type-post","3":"status-publish","4":"format-standard","5":"has-post-thumbnail","7":"category-blog-es"},"acf":[],"yoast_head":"<!-- This site is optimized with the Yoast SEO plugin v27.4 - https:\/\/yoast.com\/product\/yoast-seo-wordpress\/ -->\n<title>Sin gluten por favor - labonacarn.com<\/title>\n<meta name=\"robots\" content=\"index, follow, max-snippet:-1, max-image-preview:large, max-video-preview:-1\" \/>\n<link rel=\"canonical\" href=\"https:\/\/labonacarn.com\/es\/sin-gluten-por-favor\/\" \/>\n<meta property=\"og:locale\" content=\"es_ES\" \/>\n<meta property=\"og:type\" content=\"article\" \/>\n<meta property=\"og:title\" content=\"Sin gluten por favor - labonacarn.com\" \/>\n<meta property=\"og:description\" content=\"SIN GLUTEN !!! Cada vez nos encontramos con amigos que tienen intolerancias.\u00a0Unos en el consumo de gluten, otros en la lactosa y ya algunos en...\" \/>\n<meta property=\"og:url\" content=\"https:\/\/labonacarn.com\/es\/sin-gluten-por-favor\/\" \/>\n<meta property=\"og:site_name\" content=\"labonacarn.com\" \/>\n<meta property=\"article:published_time\" content=\"2018-09-20T21:54:20+00:00\" \/>\n<meta property=\"article:modified_time\" content=\"2022-03-13T12:24:57+00:00\" \/>\n<meta property=\"og:image\" content=\"https:\/\/labonacarn.com\/wp-content\/uploads\/2022\/02\/sensegluten.jpg.png\" \/>\n\t<meta property=\"og:image:width\" content=\"483\" \/>\n\t<meta property=\"og:image:height\" content=\"457\" \/>\n\t<meta property=\"og:image:type\" content=\"image\/png\" \/>\n<meta name=\"author\" content=\"Joan\" \/>\n<meta name=\"twitter:card\" content=\"summary_large_image\" \/>\n<meta name=\"twitter:label1\" content=\"Escrito por\" \/>\n\t<meta name=\"twitter:data1\" content=\"Joan\" \/>\n\t<meta name=\"twitter:label2\" content=\"Tiempo de lectura\" \/>\n\t<meta name=\"twitter:data2\" content=\"1 minuto\" \/>\n<script type=\"application\/ld+json\" class=\"yoast-schema-graph\">{\"@context\":\"https:\\\/\\\/schema.org\",\"@graph\":[{\"@type\":\"Article\",\"@id\":\"https:\\\/\\\/labonacarn.com\\\/es\\\/sin-gluten-por-favor\\\/#article\",\"isPartOf\":{\"@id\":\"https:\\\/\\\/labonacarn.com\\\/es\\\/sin-gluten-por-favor\\\/\"},\"author\":{\"name\":\"Joan\",\"@id\":\"https:\\\/\\\/labonacarn.com\\\/es\\\/#\\\/schema\\\/person\\\/37c89ac8ca881971a5979798d268caf2\"},\"headline\":\"Sin gluten por favor\",\"datePublished\":\"2018-09-20T21:54:20+00:00\",\"dateModified\":\"2022-03-13T12:24:57+00:00\",\"mainEntityOfPage\":{\"@id\":\"https:\\\/\\\/labonacarn.com\\\/es\\\/sin-gluten-por-favor\\\/\"},\"wordCount\":246,\"image\":{\"@id\":\"https:\\\/\\\/labonacarn.com\\\/es\\\/sin-gluten-por-favor\\\/#primaryimage\"},\"thumbnailUrl\":\"https:\\\/\\\/labonacarn.com\\\/wp-content\\\/uploads\\\/2022\\\/02\\\/sensegluten.jpg.png\",\"articleSection\":[\"Blog\"],\"inLanguage\":\"es\"},{\"@type\":\"WebPage\",\"@id\":\"https:\\\/\\\/labonacarn.com\\\/es\\\/sin-gluten-por-favor\\\/\",\"url\":\"https:\\\/\\\/labonacarn.com\\\/es\\\/sin-gluten-por-favor\\\/\",\"name\":\"Sin gluten por favor - labonacarn.com\",\"isPartOf\":{\"@id\":\"https:\\\/\\\/labonacarn.com\\\/es\\\/#website\"},\"primaryImageOfPage\":{\"@id\":\"https:\\\/\\\/labonacarn.com\\\/es\\\/sin-gluten-por-favor\\\/#primaryimage\"},\"image\":{\"@id\":\"https:\\\/\\\/labonacarn.com\\\/es\\\/sin-gluten-por-favor\\\/#primaryimage\"},\"thumbnailUrl\":\"https:\\\/\\\/labonacarn.com\\\/wp-content\\\/uploads\\\/2022\\\/02\\\/sensegluten.jpg.png\",\"datePublished\":\"2018-09-20T21:54:20+00:00\",\"dateModified\":\"2022-03-13T12:24:57+00:00\",\"author\":{\"@id\":\"https:\\\/\\\/labonacarn.com\\\/es\\\/#\\\/schema\\\/person\\\/37c89ac8ca881971a5979798d268caf2\"},\"breadcrumb\":{\"@id\":\"https:\\\/\\\/labonacarn.com\\\/es\\\/sin-gluten-por-favor\\\/#breadcrumb\"},\"inLanguage\":\"es\",\"potentialAction\":[{\"@type\":\"ReadAction\",\"target\":[\"https:\\\/\\\/labonacarn.com\\\/es\\\/sin-gluten-por-favor\\\/\"]}]},{\"@type\":\"ImageObject\",\"inLanguage\":\"es\",\"@id\":\"https:\\\/\\\/labonacarn.com\\\/es\\\/sin-gluten-por-favor\\\/#primaryimage\",\"url\":\"https:\\\/\\\/labonacarn.com\\\/wp-content\\\/uploads\\\/2022\\\/02\\\/sensegluten.jpg.png\",\"contentUrl\":\"https:\\\/\\\/labonacarn.com\\\/wp-content\\\/uploads\\\/2022\\\/02\\\/sensegluten.jpg.png\",\"width\":483,\"height\":457},{\"@type\":\"BreadcrumbList\",\"@id\":\"https:\\\/\\\/labonacarn.com\\\/es\\\/sin-gluten-por-favor\\\/#breadcrumb\",\"itemListElement\":[{\"@type\":\"ListItem\",\"position\":1,\"name\":\"Portada\",\"item\":\"https:\\\/\\\/labonacarn.com\\\/es\\\/\"},{\"@type\":\"ListItem\",\"position\":2,\"name\":\"Sin gluten por favor\"}]},{\"@type\":\"WebSite\",\"@id\":\"https:\\\/\\\/labonacarn.com\\\/es\\\/#website\",\"url\":\"https:\\\/\\\/labonacarn.com\\\/es\\\/\",\"name\":\"labonacarn.com\",\"description\":\"Venem carn de vedella, porc, pollastre, xai, poltre, gall dindi i embotits de primera qualitat i fets per nosaltres.\",\"potentialAction\":[{\"@type\":\"SearchAction\",\"target\":{\"@type\":\"EntryPoint\",\"urlTemplate\":\"https:\\\/\\\/labonacarn.com\\\/es\\\/?s={search_term_string}\"},\"query-input\":{\"@type\":\"PropertyValueSpecification\",\"valueRequired\":true,\"valueName\":\"search_term_string\"}}],\"inLanguage\":\"es\"},{\"@type\":\"Person\",\"@id\":\"https:\\\/\\\/labonacarn.com\\\/es\\\/#\\\/schema\\\/person\\\/37c89ac8ca881971a5979798d268caf2\",\"name\":\"Joan\",\"image\":{\"@type\":\"ImageObject\",\"inLanguage\":\"es\",\"@id\":\"https:\\\/\\\/secure.gravatar.com\\\/avatar\\\/691564aa2d125f96a48e4bdf979dc70eeafd3e54b764cc1d48e8665b12481d4f?s=96&d=mm&r=g\",\"url\":\"https:\\\/\\\/secure.gravatar.com\\\/avatar\\\/691564aa2d125f96a48e4bdf979dc70eeafd3e54b764cc1d48e8665b12481d4f?s=96&d=mm&r=g\",\"contentUrl\":\"https:\\\/\\\/secure.gravatar.com\\\/avatar\\\/691564aa2d125f96a48e4bdf979dc70eeafd3e54b764cc1d48e8665b12481d4f?s=96&d=mm&r=g\",\"caption\":\"Joan\"},\"url\":\"https:\\\/\\\/labonacarn.com\\\/es\\\/author\\\/joan\\\/\"}]}<\/script>\n<!-- \/ Yoast SEO plugin. -->","yoast_head_json":{"title":"Sin gluten por favor - labonacarn.com","robots":{"index":"index","follow":"follow","max-snippet":"max-snippet:-1","max-image-preview":"max-image-preview:large","max-video-preview":"max-video-preview:-1"},"canonical":"https:\/\/labonacarn.com\/es\/sin-gluten-por-favor\/","og_locale":"es_ES","og_type":"article","og_title":"Sin gluten por favor - labonacarn.com","og_description":"SIN GLUTEN !!! Cada vez nos encontramos con amigos que tienen intolerancias.\u00a0Unos en el consumo de gluten, otros en la lactosa y ya algunos en...","og_url":"https:\/\/labonacarn.com\/es\/sin-gluten-por-favor\/","og_site_name":"labonacarn.com","article_published_time":"2018-09-20T21:54:20+00:00","article_modified_time":"2022-03-13T12:24:57+00:00","og_image":[{"width":483,"height":457,"url":"https:\/\/labonacarn.com\/wp-content\/uploads\/2022\/02\/sensegluten.jpg.png","type":"image\/png"}],"author":"Joan","twitter_card":"summary_large_image","twitter_misc":{"Escrito por":"Joan","Tiempo de lectura":"1 minuto"},"schema":{"@context":"https:\/\/schema.org","@graph":[{"@type":"Article","@id":"https:\/\/labonacarn.com\/es\/sin-gluten-por-favor\/#article","isPartOf":{"@id":"https:\/\/labonacarn.com\/es\/sin-gluten-por-favor\/"},"author":{"name":"Joan","@id":"https:\/\/labonacarn.com\/es\/#\/schema\/person\/37c89ac8ca881971a5979798d268caf2"},"headline":"Sin gluten por favor","datePublished":"2018-09-20T21:54:20+00:00","dateModified":"2022-03-13T12:24:57+00:00","mainEntityOfPage":{"@id":"https:\/\/labonacarn.com\/es\/sin-gluten-por-favor\/"},"wordCount":246,"image":{"@id":"https:\/\/labonacarn.com\/es\/sin-gluten-por-favor\/#primaryimage"},"thumbnailUrl":"https:\/\/labonacarn.com\/wp-content\/uploads\/2022\/02\/sensegluten.jpg.png","articleSection":["Blog"],"inLanguage":"es"},{"@type":"WebPage","@id":"https:\/\/labonacarn.com\/es\/sin-gluten-por-favor\/","url":"https:\/\/labonacarn.com\/es\/sin-gluten-por-favor\/","name":"Sin gluten por favor - labonacarn.com","isPartOf":{"@id":"https:\/\/labonacarn.com\/es\/#website"},"primaryImageOfPage":{"@id":"https:\/\/labonacarn.com\/es\/sin-gluten-por-favor\/#primaryimage"},"image":{"@id":"https:\/\/labonacarn.com\/es\/sin-gluten-por-favor\/#primaryimage"},"thumbnailUrl":"https:\/\/labonacarn.com\/wp-content\/uploads\/2022\/02\/sensegluten.jpg.png","datePublished":"2018-09-20T21:54:20+00:00","dateModified":"2022-03-13T12:24:57+00:00","author":{"@id":"https:\/\/labonacarn.com\/es\/#\/schema\/person\/37c89ac8ca881971a5979798d268caf2"},"breadcrumb":{"@id":"https:\/\/labonacarn.com\/es\/sin-gluten-por-favor\/#breadcrumb"},"inLanguage":"es","potentialAction":[{"@type":"ReadAction","target":["https:\/\/labonacarn.com\/es\/sin-gluten-por-favor\/"]}]},{"@type":"ImageObject","inLanguage":"es","@id":"https:\/\/labonacarn.com\/es\/sin-gluten-por-favor\/#primaryimage","url":"https:\/\/labonacarn.com\/wp-content\/uploads\/2022\/02\/sensegluten.jpg.png","contentUrl":"https:\/\/labonacarn.com\/wp-content\/uploads\/2022\/02\/sensegluten.jpg.png","width":483,"height":457},{"@type":"BreadcrumbList","@id":"https:\/\/labonacarn.com\/es\/sin-gluten-por-favor\/#breadcrumb","itemListElement":[{"@type":"ListItem","position":1,"name":"Portada","item":"https:\/\/labonacarn.com\/es\/"},{"@type":"ListItem","position":2,"name":"Sin gluten por favor"}]},{"@type":"WebSite","@id":"https:\/\/labonacarn.com\/es\/#website","url":"https:\/\/labonacarn.com\/es\/","name":"labonacarn.com","description":"Venem carn de vedella, porc, pollastre, xai, poltre, gall dindi i embotits de primera qualitat i fets per nosaltres.","potentialAction":[{"@type":"SearchAction","target":{"@type":"EntryPoint","urlTemplate":"https:\/\/labonacarn.com\/es\/?s={search_term_string}"},"query-input":{"@type":"PropertyValueSpecification","valueRequired":true,"valueName":"search_term_string"}}],"inLanguage":"es"},{"@type":"Person","@id":"https:\/\/labonacarn.com\/es\/#\/schema\/person\/37c89ac8ca881971a5979798d268caf2","name":"Joan","image":{"@type":"ImageObject","inLanguage":"es","@id":"https:\/\/secure.gravatar.com\/avatar\/691564aa2d125f96a48e4bdf979dc70eeafd3e54b764cc1d48e8665b12481d4f?s=96&d=mm&r=g","url":"https:\/\/secure.gravatar.com\/avatar\/691564aa2d125f96a48e4bdf979dc70eeafd3e54b764cc1d48e8665b12481d4f?s=96&d=mm&r=g","contentUrl":"https:\/\/secure.gravatar.com\/avatar\/691564aa2d125f96a48e4bdf979dc70eeafd3e54b764cc1d48e8665b12481d4f?s=96&d=mm&r=g","caption":"Joan"},"url":"https:\/\/labonacarn.com\/es\/author\/joan\/"}]}},"_links":{"self":[{"href":"https:\/\/labonacarn.com\/es\/wp-json\/wp\/v2\/posts\/3675","targetHints":{"allow":["GET"]}}],"collection":[{"href":"https:\/\/labonacarn.com\/es\/wp-json\/wp\/v2\/posts"}],"about":[{"href":"https:\/\/labonacarn.com\/es\/wp-json\/wp\/v2\/types\/post"}],"author":[{"embeddable":true,"href":"https:\/\/labonacarn.com\/es\/wp-json\/wp\/v2\/users\/2"}],"replies":[{"embeddable":true,"href":"https:\/\/labonacarn.com\/es\/wp-json\/wp\/v2\/comments?post=3675"}],"version-history":[{"count":0,"href":"https:\/\/labonacarn.com\/es\/wp-json\/wp\/v2\/posts\/3675\/revisions"}],"wp:featuredmedia":[{"embeddable":true,"href":"https:\/\/labonacarn.com\/es\/wp-json\/wp\/v2\/media\/3565"}],"wp:attachment":[{"href":"https:\/\/labonacarn.com\/es\/wp-json\/wp\/v2\/media?parent=3675"}],"wp:term":[{"taxonomy":"category","embeddable":true,"href":"https:\/\/labonacarn.com\/es\/wp-json\/wp\/v2\/categories?post=3675"},{"taxonomy":"post_tag","embeddable":true,"href":"https:\/\/labonacarn.com\/es\/wp-json\/wp\/v2\/tags?post=3675"}],"curies":[{"name":"wp","href":"https:\/\/api.w.org\/{rel}","templated":true}]}}