{"id":3667,"date":"2022-02-23T14:22:04","date_gmt":"2022-02-23T14:22:04","guid":{"rendered":"https:\/\/labonacarn.com\/sempre-que-compreu-pollastre-recordeu-que\/"},"modified":"2022-04-11T09:26:01","modified_gmt":"2022-04-11T09:26:01","slug":"siempre-que-compreis-pollo-recordad-que","status":"publish","type":"post","link":"https:\/\/labonacarn.com\/es\/siempre-que-compreis-pollo-recordad-que\/","title":{"rendered":"Siempre que compreis pollo recordad que&#8230;"},"content":{"rendered":"<p>De pollos tenemos de muchas razas, sin embargo, haremos un resumen y las diferenciaremos en tres grandes grupos:<\/p>\n<p><strong>Grupo 1:<\/strong>\u00a0El pollo de superficie comercial, habitualmente de color blanco. Proviene de cualquier lugar de la pen\u00ednsula. Es de piel y carne de color blanco y se cr\u00eda de forma intensiva. Se introducen en jaulas peque\u00f1as, las 24 horas al d\u00eda con luz artificial para que est\u00e9n comiendo todas las horas. Es alimentado con alimentos contaminados entre otros (piensos, elementos transg\u00e9nicos, etc, etc) y usan hormonas del creixement.T\u00e9 un periodo de crianza inferior a 28 d\u00edas, entonces es sacrificado y transportado a la gran superficie.<br \/>\nEn estas granjas, el 20% de los pollos que se producen, mueren asfixiados ya que, al estar sometidos con hormonas del crecimiento, crece antes su cuerpo que no sus patas y esto hace que un 20% mueren ahogados en la jaula. Es mucho peor eso que una corrida de toros. El resultado de todo esto es una carne contaminada con hormonas, de bajo gusto, muy transparente y de baja calidad.<\/p>\n<p><strong>Grupo 2:<\/strong>\u00a0El segundo gran grupo podr\u00edamos situar el pollo de granja y en nuestro caso, el pollo amarillo catal\u00e1n. Es una raza propia de Catalu\u00f1a, viven en granjas, con una alimentaci\u00f3n controlada, basada en cereales naturales y su forma de cr\u00eda no es intensiva. No se utiliza ning\u00fan alimento contaminado ni tampoco se usan hormonas de ning\u00fan tipo. Hay una regulaci\u00f3n de la Generalidad de Catalu\u00f1a que regula estas granjas. Este pollo es de color amarillo, tiene un periodo de crianza entre los dos y tres meses y el resultado es un pollo nada contaminado, de muy buen gusto y muy saludable.<\/p>\n<p><strong>Grupo 3:<\/strong>\u00a0En un tercer grupo ponemos los pollos de alta gama y que en nuestro caso es el pollo de corral. Dicho y hecho, se trata de pollos que viven en plena libertad, su alimentaci\u00f3n es totalmente natural y su crianza est\u00e1 entre los cuatro y cinco meses.\u00a0<strong>El resultado es un pollo totalmente amarillo, muy nutritivo, de bajo contenido en grasa si comparamos con otras carnes, y muy sabroso a la hora de comerlo. Es el rey de los pollos !!!<\/strong><\/p>\n","protected":false},"excerpt":{"rendered":"<p>De pollos tenemos de muchas razas, sin embargo, haremos un resumen y las diferenciaremos en tres grandes grupos: Grupo 1:\u00a0El pollo de superficie comercial, habitualmente&#8230;<\/p>\n","protected":false},"author":1,"featured_media":3548,"comment_status":"closed","ping_status":"closed","sticky":false,"template":"","format":"standard","meta":{"_acf_changed":false,"_joinchat":[],"footnotes":""},"categories":[60],"tags":[124],"class_list":{"0":"post-3667","1":"post","2":"type-post","3":"status-publish","4":"format-standard","5":"has-post-thumbnail","7":"category-blog-es","8":"tag-producto-de-calidad"},"acf":[],"yoast_head":"<!-- This site is optimized with the Yoast SEO plugin v27.4 - https:\/\/yoast.com\/product\/yoast-seo-wordpress\/ -->\n<title>Siempre que compreis pollo recordad que... - labonacarn.com<\/title>\n<meta name=\"robots\" content=\"index, follow, max-snippet:-1, max-image-preview:large, max-video-preview:-1\" \/>\n<link rel=\"canonical\" href=\"https:\/\/labonacarn.com\/es\/siempre-que-compreis-pollo-recordad-que\/\" \/>\n<meta property=\"og:locale\" content=\"es_ES\" \/>\n<meta property=\"og:type\" content=\"article\" \/>\n<meta property=\"og:title\" content=\"Siempre que compreis pollo recordad que... - labonacarn.com\" \/>\n<meta property=\"og:description\" content=\"De pollos tenemos de muchas razas, sin embargo, haremos un resumen y las diferenciaremos en tres grandes grupos: Grupo 1:\u00a0El pollo de superficie comercial, habitualmente...\" \/>\n<meta property=\"og:url\" content=\"https:\/\/labonacarn.com\/es\/siempre-que-compreis-pollo-recordad-que\/\" \/>\n<meta property=\"og:site_name\" content=\"labonacarn.com\" \/>\n<meta property=\"article:published_time\" content=\"2022-02-23T14:22:04+00:00\" \/>\n<meta property=\"article:modified_time\" content=\"2022-04-11T09:26:01+00:00\" \/>\n<meta property=\"og:image\" content=\"https:\/\/labonacarn.com\/wp-content\/uploads\/2022\/02\/45g.jpg\" \/>\n\t<meta property=\"og:image:width\" content=\"800\" \/>\n\t<meta property=\"og:image:height\" content=\"533\" \/>\n\t<meta property=\"og:image:type\" content=\"image\/jpeg\" \/>\n<meta name=\"author\" content=\"xalgovia\" \/>\n<meta name=\"twitter:card\" content=\"summary_large_image\" \/>\n<meta name=\"twitter:label1\" content=\"Escrito por\" \/>\n\t<meta name=\"twitter:data1\" content=\"xalgovia\" \/>\n\t<meta name=\"twitter:label2\" content=\"Tiempo de lectura\" \/>\n\t<meta name=\"twitter:data2\" content=\"2 minutos\" \/>\n<script type=\"application\/ld+json\" class=\"yoast-schema-graph\">{\"@context\":\"https:\\\/\\\/schema.org\",\"@graph\":[{\"@type\":\"Article\",\"@id\":\"https:\\\/\\\/labonacarn.com\\\/es\\\/siempre-que-compreis-pollo-recordad-que\\\/#article\",\"isPartOf\":{\"@id\":\"https:\\\/\\\/labonacarn.com\\\/es\\\/siempre-que-compreis-pollo-recordad-que\\\/\"},\"author\":{\"name\":\"xalgovia\",\"@id\":\"https:\\\/\\\/labonacarn.com\\\/es\\\/#\\\/schema\\\/person\\\/a48c425a4f087286f68a48bc1ddca205\"},\"headline\":\"Siempre que compreis pollo recordad que&#8230;\",\"datePublished\":\"2022-02-23T14:22:04+00:00\",\"dateModified\":\"2022-04-11T09:26:01+00:00\",\"mainEntityOfPage\":{\"@id\":\"https:\\\/\\\/labonacarn.com\\\/es\\\/siempre-que-compreis-pollo-recordad-que\\\/\"},\"wordCount\":376,\"image\":{\"@id\":\"https:\\\/\\\/labonacarn.com\\\/es\\\/siempre-que-compreis-pollo-recordad-que\\\/#primaryimage\"},\"thumbnailUrl\":\"https:\\\/\\\/labonacarn.com\\\/wp-content\\\/uploads\\\/2022\\\/02\\\/45g.jpg\",\"keywords\":[\"producto de calidad\"],\"articleSection\":[\"Blog\"],\"inLanguage\":\"es\"},{\"@type\":\"WebPage\",\"@id\":\"https:\\\/\\\/labonacarn.com\\\/es\\\/siempre-que-compreis-pollo-recordad-que\\\/\",\"url\":\"https:\\\/\\\/labonacarn.com\\\/es\\\/siempre-que-compreis-pollo-recordad-que\\\/\",\"name\":\"Siempre que compreis pollo recordad que... - labonacarn.com\",\"isPartOf\":{\"@id\":\"https:\\\/\\\/labonacarn.com\\\/es\\\/#website\"},\"primaryImageOfPage\":{\"@id\":\"https:\\\/\\\/labonacarn.com\\\/es\\\/siempre-que-compreis-pollo-recordad-que\\\/#primaryimage\"},\"image\":{\"@id\":\"https:\\\/\\\/labonacarn.com\\\/es\\\/siempre-que-compreis-pollo-recordad-que\\\/#primaryimage\"},\"thumbnailUrl\":\"https:\\\/\\\/labonacarn.com\\\/wp-content\\\/uploads\\\/2022\\\/02\\\/45g.jpg\",\"datePublished\":\"2022-02-23T14:22:04+00:00\",\"dateModified\":\"2022-04-11T09:26:01+00:00\",\"author\":{\"@id\":\"https:\\\/\\\/labonacarn.com\\\/es\\\/#\\\/schema\\\/person\\\/a48c425a4f087286f68a48bc1ddca205\"},\"breadcrumb\":{\"@id\":\"https:\\\/\\\/labonacarn.com\\\/es\\\/siempre-que-compreis-pollo-recordad-que\\\/#breadcrumb\"},\"inLanguage\":\"es\",\"potentialAction\":[{\"@type\":\"ReadAction\",\"target\":[\"https:\\\/\\\/labonacarn.com\\\/es\\\/siempre-que-compreis-pollo-recordad-que\\\/\"]}]},{\"@type\":\"ImageObject\",\"inLanguage\":\"es\",\"@id\":\"https:\\\/\\\/labonacarn.com\\\/es\\\/siempre-que-compreis-pollo-recordad-que\\\/#primaryimage\",\"url\":\"https:\\\/\\\/labonacarn.com\\\/wp-content\\\/uploads\\\/2022\\\/02\\\/45g.jpg\",\"contentUrl\":\"https:\\\/\\\/labonacarn.com\\\/wp-content\\\/uploads\\\/2022\\\/02\\\/45g.jpg\",\"width\":800,\"height\":533,\"caption\":\"Un gran pollastre de pag\u00e8s\"},{\"@type\":\"BreadcrumbList\",\"@id\":\"https:\\\/\\\/labonacarn.com\\\/es\\\/siempre-que-compreis-pollo-recordad-que\\\/#breadcrumb\",\"itemListElement\":[{\"@type\":\"ListItem\",\"position\":1,\"name\":\"Portada\",\"item\":\"https:\\\/\\\/labonacarn.com\\\/es\\\/\"},{\"@type\":\"ListItem\",\"position\":2,\"name\":\"Siempre que compreis pollo recordad que&#8230;\"}]},{\"@type\":\"WebSite\",\"@id\":\"https:\\\/\\\/labonacarn.com\\\/es\\\/#website\",\"url\":\"https:\\\/\\\/labonacarn.com\\\/es\\\/\",\"name\":\"labonacarn.com\",\"description\":\"Venem carn de vedella, porc, pollastre, xai, poltre, gall dindi i embotits de primera qualitat i fets per nosaltres.\",\"potentialAction\":[{\"@type\":\"SearchAction\",\"target\":{\"@type\":\"EntryPoint\",\"urlTemplate\":\"https:\\\/\\\/labonacarn.com\\\/es\\\/?s={search_term_string}\"},\"query-input\":{\"@type\":\"PropertyValueSpecification\",\"valueRequired\":true,\"valueName\":\"search_term_string\"}}],\"inLanguage\":\"es\"},{\"@type\":\"Person\",\"@id\":\"https:\\\/\\\/labonacarn.com\\\/es\\\/#\\\/schema\\\/person\\\/a48c425a4f087286f68a48bc1ddca205\",\"name\":\"xalgovia\",\"image\":{\"@type\":\"ImageObject\",\"inLanguage\":\"es\",\"@id\":\"https:\\\/\\\/secure.gravatar.com\\\/avatar\\\/c8764b03d9aad437f536e8705f3393161407e5c01d944b6a3ce3d98f3c085afc?s=96&d=mm&r=g\",\"url\":\"https:\\\/\\\/secure.gravatar.com\\\/avatar\\\/c8764b03d9aad437f536e8705f3393161407e5c01d944b6a3ce3d98f3c085afc?s=96&d=mm&r=g\",\"contentUrl\":\"https:\\\/\\\/secure.gravatar.com\\\/avatar\\\/c8764b03d9aad437f536e8705f3393161407e5c01d944b6a3ce3d98f3c085afc?s=96&d=mm&r=g\",\"caption\":\"xalgovia\"},\"sameAs\":[\"https:\\\/\\\/labonacarn.com\"],\"url\":\"https:\\\/\\\/labonacarn.com\\\/es\\\/author\\\/xalgovia\\\/\"}]}<\/script>\n<!-- \/ Yoast SEO plugin. -->","yoast_head_json":{"title":"Siempre que compreis pollo recordad que... - labonacarn.com","robots":{"index":"index","follow":"follow","max-snippet":"max-snippet:-1","max-image-preview":"max-image-preview:large","max-video-preview":"max-video-preview:-1"},"canonical":"https:\/\/labonacarn.com\/es\/siempre-que-compreis-pollo-recordad-que\/","og_locale":"es_ES","og_type":"article","og_title":"Siempre que compreis pollo recordad que... - labonacarn.com","og_description":"De pollos tenemos de muchas razas, sin embargo, haremos un resumen y las diferenciaremos en tres grandes grupos: Grupo 1:\u00a0El pollo de superficie comercial, habitualmente...","og_url":"https:\/\/labonacarn.com\/es\/siempre-que-compreis-pollo-recordad-que\/","og_site_name":"labonacarn.com","article_published_time":"2022-02-23T14:22:04+00:00","article_modified_time":"2022-04-11T09:26:01+00:00","og_image":[{"width":800,"height":533,"url":"https:\/\/labonacarn.com\/wp-content\/uploads\/2022\/02\/45g.jpg","type":"image\/jpeg"}],"author":"xalgovia","twitter_card":"summary_large_image","twitter_misc":{"Escrito por":"xalgovia","Tiempo de lectura":"2 minutos"},"schema":{"@context":"https:\/\/schema.org","@graph":[{"@type":"Article","@id":"https:\/\/labonacarn.com\/es\/siempre-que-compreis-pollo-recordad-que\/#article","isPartOf":{"@id":"https:\/\/labonacarn.com\/es\/siempre-que-compreis-pollo-recordad-que\/"},"author":{"name":"xalgovia","@id":"https:\/\/labonacarn.com\/es\/#\/schema\/person\/a48c425a4f087286f68a48bc1ddca205"},"headline":"Siempre que compreis pollo recordad que&#8230;","datePublished":"2022-02-23T14:22:04+00:00","dateModified":"2022-04-11T09:26:01+00:00","mainEntityOfPage":{"@id":"https:\/\/labonacarn.com\/es\/siempre-que-compreis-pollo-recordad-que\/"},"wordCount":376,"image":{"@id":"https:\/\/labonacarn.com\/es\/siempre-que-compreis-pollo-recordad-que\/#primaryimage"},"thumbnailUrl":"https:\/\/labonacarn.com\/wp-content\/uploads\/2022\/02\/45g.jpg","keywords":["producto de calidad"],"articleSection":["Blog"],"inLanguage":"es"},{"@type":"WebPage","@id":"https:\/\/labonacarn.com\/es\/siempre-que-compreis-pollo-recordad-que\/","url":"https:\/\/labonacarn.com\/es\/siempre-que-compreis-pollo-recordad-que\/","name":"Siempre que compreis pollo recordad que... - labonacarn.com","isPartOf":{"@id":"https:\/\/labonacarn.com\/es\/#website"},"primaryImageOfPage":{"@id":"https:\/\/labonacarn.com\/es\/siempre-que-compreis-pollo-recordad-que\/#primaryimage"},"image":{"@id":"https:\/\/labonacarn.com\/es\/siempre-que-compreis-pollo-recordad-que\/#primaryimage"},"thumbnailUrl":"https:\/\/labonacarn.com\/wp-content\/uploads\/2022\/02\/45g.jpg","datePublished":"2022-02-23T14:22:04+00:00","dateModified":"2022-04-11T09:26:01+00:00","author":{"@id":"https:\/\/labonacarn.com\/es\/#\/schema\/person\/a48c425a4f087286f68a48bc1ddca205"},"breadcrumb":{"@id":"https:\/\/labonacarn.com\/es\/siempre-que-compreis-pollo-recordad-que\/#breadcrumb"},"inLanguage":"es","potentialAction":[{"@type":"ReadAction","target":["https:\/\/labonacarn.com\/es\/siempre-que-compreis-pollo-recordad-que\/"]}]},{"@type":"ImageObject","inLanguage":"es","@id":"https:\/\/labonacarn.com\/es\/siempre-que-compreis-pollo-recordad-que\/#primaryimage","url":"https:\/\/labonacarn.com\/wp-content\/uploads\/2022\/02\/45g.jpg","contentUrl":"https:\/\/labonacarn.com\/wp-content\/uploads\/2022\/02\/45g.jpg","width":800,"height":533,"caption":"Un gran pollastre de pag\u00e8s"},{"@type":"BreadcrumbList","@id":"https:\/\/labonacarn.com\/es\/siempre-que-compreis-pollo-recordad-que\/#breadcrumb","itemListElement":[{"@type":"ListItem","position":1,"name":"Portada","item":"https:\/\/labonacarn.com\/es\/"},{"@type":"ListItem","position":2,"name":"Siempre que compreis pollo recordad que&#8230;"}]},{"@type":"WebSite","@id":"https:\/\/labonacarn.com\/es\/#website","url":"https:\/\/labonacarn.com\/es\/","name":"labonacarn.com","description":"Venem carn de vedella, porc, pollastre, xai, poltre, gall dindi i embotits de primera qualitat i fets per nosaltres.","potentialAction":[{"@type":"SearchAction","target":{"@type":"EntryPoint","urlTemplate":"https:\/\/labonacarn.com\/es\/?s={search_term_string}"},"query-input":{"@type":"PropertyValueSpecification","valueRequired":true,"valueName":"search_term_string"}}],"inLanguage":"es"},{"@type":"Person","@id":"https:\/\/labonacarn.com\/es\/#\/schema\/person\/a48c425a4f087286f68a48bc1ddca205","name":"xalgovia","image":{"@type":"ImageObject","inLanguage":"es","@id":"https:\/\/secure.gravatar.com\/avatar\/c8764b03d9aad437f536e8705f3393161407e5c01d944b6a3ce3d98f3c085afc?s=96&d=mm&r=g","url":"https:\/\/secure.gravatar.com\/avatar\/c8764b03d9aad437f536e8705f3393161407e5c01d944b6a3ce3d98f3c085afc?s=96&d=mm&r=g","contentUrl":"https:\/\/secure.gravatar.com\/avatar\/c8764b03d9aad437f536e8705f3393161407e5c01d944b6a3ce3d98f3c085afc?s=96&d=mm&r=g","caption":"xalgovia"},"sameAs":["https:\/\/labonacarn.com"],"url":"https:\/\/labonacarn.com\/es\/author\/xalgovia\/"}]}},"_links":{"self":[{"href":"https:\/\/labonacarn.com\/es\/wp-json\/wp\/v2\/posts\/3667","targetHints":{"allow":["GET"]}}],"collection":[{"href":"https:\/\/labonacarn.com\/es\/wp-json\/wp\/v2\/posts"}],"about":[{"href":"https:\/\/labonacarn.com\/es\/wp-json\/wp\/v2\/types\/post"}],"author":[{"embeddable":true,"href":"https:\/\/labonacarn.com\/es\/wp-json\/wp\/v2\/users\/1"}],"replies":[{"embeddable":true,"href":"https:\/\/labonacarn.com\/es\/wp-json\/wp\/v2\/comments?post=3667"}],"version-history":[{"count":0,"href":"https:\/\/labonacarn.com\/es\/wp-json\/wp\/v2\/posts\/3667\/revisions"}],"wp:featuredmedia":[{"embeddable":true,"href":"https:\/\/labonacarn.com\/es\/wp-json\/wp\/v2\/media\/3548"}],"wp:attachment":[{"href":"https:\/\/labonacarn.com\/es\/wp-json\/wp\/v2\/media?parent=3667"}],"wp:term":[{"taxonomy":"category","embeddable":true,"href":"https:\/\/labonacarn.com\/es\/wp-json\/wp\/v2\/categories?post=3667"},{"taxonomy":"post_tag","embeddable":true,"href":"https:\/\/labonacarn.com\/es\/wp-json\/wp\/v2\/tags?post=3667"}],"curies":[{"name":"wp","href":"https:\/\/api.w.org\/{rel}","templated":true}]}}