{"id":14002,"date":"2025-03-17T15:00:58","date_gmt":"2025-03-17T14:00:58","guid":{"rendered":"https:\/\/labonacarn.com\/?p=14002"},"modified":"2025-03-17T15:49:00","modified_gmt":"2025-03-17T14:49:00","slug":"la-falta-de-proteina-en-la-poblacion-y-sus-consecuencias","status":"publish","type":"post","link":"https:\/\/labonacarn.com\/es\/la-falta-de-proteina-en-la-poblacion-y-sus-consecuencias\/","title":{"rendered":"La falta de prote\u00edna en la poblaci\u00f3n y sus consecuencias"},"content":{"rendered":"<h2><strong>La falta de prote\u00edna en la poblaci\u00f3n y sus consecuencias<\/strong><\/h2>\n<p>He comentado que uno de los errores es <strong>no incluir suficiente prote\u00edna<\/strong>, me gustar\u00eda detenerme<br \/>\naqu\u00ed porque es uno de los errores m\u00e1s frecuentes que me encuentro en consulta, y mucho m\u00e1s<br \/>\nen mujeres. Y esto puede ser que sea la clave en muchos de los casos a la hora de conseguir<br \/>\nmejoras tanto a nivel f\u00edsico como de salud general.<\/p>\n<p>A pesar de la importancia de la prote\u00edna en la salud, muchas personas no alcanzan los<br \/>\nrequerimientos diarios recomendados. Los estudios muestran que el consumo insuficiente de<br \/>\nprote\u00edna est\u00e1 vinculado con:<\/p>\n<p>\u2022 <strong>P\u00e9rdida de masa muscular,<\/strong> riesgo de sarcopenia. Un d\u00e9ficit proteico contribuye a la<br \/>\np\u00e9rdida de m\u00fasculo, afectando el rendimiento f\u00edsico y la movilidad a largo plazo. Lo que<br \/>\nimpacta en la calidad de vida.<\/p>\n<p>\u2022<strong> Dificultad para perder grasa<\/strong>: La prote\u00edna es esencial para mantener la masa muscular,<br \/>\nlo que favorece un metabolismo m\u00e1s activo y facilita la quema de grasa.<\/p>\n<p>\u2022<strong> Falta de saciedad y antojos<\/strong>: Consumir suficiente prote\u00edna ayuda a controlar el apetito y<br \/>\nevita el picoteo de alimentos poco saludables.<\/p>\n<p>\u2022 <strong>Debilitamiento del sistema inmunol\u00f3gico<\/strong>: Sin suficientes amino\u00e1cidos, el cuerpo no<br \/>\npuede producir anticuerpos de manera eficiente, lo que aumenta la vulnerabilidad a<br \/>\ninfecciones.<\/p>\n<p>\u2022<strong> Problemas hormonales<\/strong>, afectando la producci\u00f3n de insulina, hormonas tiroideas y<br \/>\nneurotransmisores. La prote\u00edna es clave para la producci\u00f3n de hormonas como la<br \/>\ninsulina, la leptina y los neurotransmisores que regulan el estado de \u00e1nimo y la energ\u00eda.<\/p>\n<p>C\u00f3mo evitar el d\u00e9ficit de prote\u00edna<\/p>\n<p>Asegurar un consumo m\u00ednimo de 1,2-2 g de prote\u00edna por kg de peso corporal. Hay que<br \/>\nindividualizar dependiendo del estilo de vida y las necesidades de cada persona.<br \/>\nIncluir fuentes de prote\u00edna animal de calidad, como carne, huevos y pescado.<br \/>\nComplementar con col\u00e1geno o amino\u00e1cidos esenciales si es necesario.<\/p>\n<h2>La Importancia de la Prote\u00edna Animal en una Dieta Antiinflamatoria<\/h2>\n<p style=\"text-align: left;\"><strong>Carne, pescado y huevos: fuentes de nutrientes esenciales<\/strong><\/p>\n<p style=\"text-align: left;\"><strong>Las prote\u00ednas animales de calidad son una fuente rica en:<\/strong><\/p>\n<p>\u2022 Prote\u00edna completa con todos los amino\u00e1cidos esenciales.<br \/>\n\u2022 Omega-3 y CLA (en pescados y carne de pasto), con propiedades antiinflamatorias.<br \/>\n\u2022 Hierro hemo, fundamental para prevenir la anemia.<br \/>\n\u2022 Vitaminas del grupo B, clave para el metabolismo y la energ\u00eda.<br \/>\n\u2022 Zinc y selenio, que refuerzan el sistema inmunol\u00f3gico.<\/p>\n<h4 style=\"text-align: left;\">La prote\u00edna de calidad es clave en una dieta antiinflamatoria.<\/h4>\n<p style=\"text-align: left;\">No solo proporciona prote\u00ednas esenciales para la salud muscular y metab\u00f3lica, sino que tambi\u00e9n aporta micronutrientes<br \/>\nfundamentales para la energ\u00eda, la inmunidad y el equilibrio hormonal. Asegurar una ingesta<br \/>\nsuficiente de prote\u00edna animal puede marcar la diferencia en la prevenci\u00f3n de enfermedades y en<br \/>\nla optimizaci\u00f3n de la salud a largo plazo.<br \/>\nAlgo a tener en cuenta muy importante es que no toda la prote\u00edna animal es v\u00e1lida. Depende<br \/>\nde la calidad del alimento, no podemos comparar un filete de potro salvaje con un chorizo de<br \/>\nsupermercado que tiene de todo menos carne. Evitar los ultraprocesados es de vital importancia.<br \/>\nDebemos aprender a ser cr\u00edticos con lo que escuchamos y leemos y aprender para tener criterio<br \/>\npropio y poder elegir alimentos que nos nutran.<\/p>\n<p>&nbsp;<\/p>\n<p><strong>Recomendaci\u00f3n final:<\/strong><br \/>\nPrioriza carnes de animales criados en pasto, pescados salvajes y huevos ecol\u00f3gicos.<br \/>\nAsegura un consumo adecuado de prote\u00edna seg\u00fan tu peso y nivel de actividad.<br \/>\nBase tu alimentaci\u00f3n en comida real: vegetales variados, prote\u00ednas de calidad, grasas saludables y especias antiinflamatorias.<br \/>\nMant\u00e9n un estilo de vida equilibrado: buena gesti\u00f3n del estr\u00e9s, descanso adecuado y actividad f\u00edsica regular.<\/p>\n<p>&nbsp;<\/p>\n<p>Vanesa Martin Ros<br \/>\nDietista integrativa y PNIE<br \/>\nN\u00ba. 87 asociada a Asnadi<\/p>\n","protected":false},"excerpt":{"rendered":"<p>La falta de prote\u00edna en la poblaci\u00f3n y sus consecuencias He comentado que uno de los errores es no incluir suficiente prote\u00edna, me gustar\u00eda detenerme&#8230;<\/p>\n","protected":false},"author":2,"featured_media":14008,"comment_status":"closed","ping_status":"closed","sticky":false,"template":"","format":"standard","meta":{"_acf_changed":false,"_joinchat":[],"footnotes":""},"categories":[60],"tags":[],"class_list":{"0":"post-14002","1":"post","2":"type-post","3":"status-publish","4":"format-standard","5":"has-post-thumbnail","7":"category-blog-es"},"acf":[],"yoast_head":"<!-- This site is optimized with the Yoast SEO plugin v27.4 - https:\/\/yoast.com\/product\/yoast-seo-wordpress\/ -->\n<title>La falta de prote\u00edna en la poblaci\u00f3n y sus consecuencias - labonacarn.com<\/title>\n<meta name=\"description\" content=\"La falta de prote\u00edna en la poblaci\u00f3n y sus consecuencias, aspectos a tener en cuenta para mejorar nuestro estado f\u00edsico y mental.\" \/>\n<meta name=\"robots\" content=\"index, follow, max-snippet:-1, max-image-preview:large, max-video-preview:-1\" \/>\n<link rel=\"canonical\" href=\"https:\/\/labonacarn.com\/es\/la-falta-de-proteina-en-la-poblacion-y-sus-consecuencias\/\" \/>\n<meta property=\"og:locale\" content=\"es_ES\" \/>\n<meta property=\"og:type\" content=\"article\" \/>\n<meta property=\"og:title\" content=\"La falta de prote\u00edna en la poblaci\u00f3n y sus consecuencias - labonacarn.com\" \/>\n<meta property=\"og:description\" content=\"La falta de prote\u00edna en la poblaci\u00f3n y sus consecuencias, aspectos a tener en cuenta para mejorar nuestro estado f\u00edsico y mental.\" \/>\n<meta property=\"og:url\" content=\"https:\/\/labonacarn.com\/es\/la-falta-de-proteina-en-la-poblacion-y-sus-consecuencias\/\" \/>\n<meta property=\"og:site_name\" content=\"labonacarn.com\" \/>\n<meta property=\"article:published_time\" content=\"2025-03-17T14:00:58+00:00\" \/>\n<meta property=\"article:modified_time\" content=\"2025-03-17T14:49:00+00:00\" \/>\n<meta property=\"og:image\" content=\"https:\/\/labonacarn.com\/wp-content\/uploads\/2025\/03\/WhatsApp-Image-2025-03-17-at-15.21.06.jpeg\" \/>\n\t<meta property=\"og:image:width\" content=\"1082\" \/>\n\t<meta property=\"og:image:height\" content=\"373\" \/>\n\t<meta property=\"og:image:type\" content=\"image\/jpeg\" \/>\n<meta name=\"author\" content=\"Joan\" \/>\n<meta name=\"twitter:card\" content=\"summary_large_image\" \/>\n<meta name=\"twitter:label1\" content=\"Escrito por\" \/>\n\t<meta name=\"twitter:data1\" content=\"Joan\" \/>\n\t<meta name=\"twitter:label2\" content=\"Tiempo de lectura\" \/>\n\t<meta name=\"twitter:data2\" content=\"4 minutos\" \/>\n<script type=\"application\/ld+json\" class=\"yoast-schema-graph\">{\"@context\":\"https:\\\/\\\/schema.org\",\"@graph\":[{\"@type\":\"Article\",\"@id\":\"https:\\\/\\\/labonacarn.com\\\/es\\\/la-falta-de-proteina-en-la-poblacion-y-sus-consecuencias\\\/#article\",\"isPartOf\":{\"@id\":\"https:\\\/\\\/labonacarn.com\\\/es\\\/la-falta-de-proteina-en-la-poblacion-y-sus-consecuencias\\\/\"},\"author\":{\"name\":\"Joan\",\"@id\":\"https:\\\/\\\/labonacarn.com\\\/es\\\/#\\\/schema\\\/person\\\/37c89ac8ca881971a5979798d268caf2\"},\"headline\":\"La falta de prote\u00edna en la poblaci\u00f3n y sus consecuencias\",\"datePublished\":\"2025-03-17T14:00:58+00:00\",\"dateModified\":\"2025-03-17T14:49:00+00:00\",\"mainEntityOfPage\":{\"@id\":\"https:\\\/\\\/labonacarn.com\\\/es\\\/la-falta-de-proteina-en-la-poblacion-y-sus-consecuencias\\\/\"},\"wordCount\":647,\"image\":{\"@id\":\"https:\\\/\\\/labonacarn.com\\\/es\\\/la-falta-de-proteina-en-la-poblacion-y-sus-consecuencias\\\/#primaryimage\"},\"thumbnailUrl\":\"https:\\\/\\\/labonacarn.com\\\/wp-content\\\/uploads\\\/2025\\\/03\\\/WhatsApp-Image-2025-03-17-at-15.21.06.jpeg\",\"articleSection\":[\"Blog\"],\"inLanguage\":\"es\"},{\"@type\":\"WebPage\",\"@id\":\"https:\\\/\\\/labonacarn.com\\\/es\\\/la-falta-de-proteina-en-la-poblacion-y-sus-consecuencias\\\/\",\"url\":\"https:\\\/\\\/labonacarn.com\\\/es\\\/la-falta-de-proteina-en-la-poblacion-y-sus-consecuencias\\\/\",\"name\":\"La falta de prote\u00edna en la poblaci\u00f3n y sus consecuencias - labonacarn.com\",\"isPartOf\":{\"@id\":\"https:\\\/\\\/labonacarn.com\\\/es\\\/#website\"},\"primaryImageOfPage\":{\"@id\":\"https:\\\/\\\/labonacarn.com\\\/es\\\/la-falta-de-proteina-en-la-poblacion-y-sus-consecuencias\\\/#primaryimage\"},\"image\":{\"@id\":\"https:\\\/\\\/labonacarn.com\\\/es\\\/la-falta-de-proteina-en-la-poblacion-y-sus-consecuencias\\\/#primaryimage\"},\"thumbnailUrl\":\"https:\\\/\\\/labonacarn.com\\\/wp-content\\\/uploads\\\/2025\\\/03\\\/WhatsApp-Image-2025-03-17-at-15.21.06.jpeg\",\"datePublished\":\"2025-03-17T14:00:58+00:00\",\"dateModified\":\"2025-03-17T14:49:00+00:00\",\"author\":{\"@id\":\"https:\\\/\\\/labonacarn.com\\\/es\\\/#\\\/schema\\\/person\\\/37c89ac8ca881971a5979798d268caf2\"},\"description\":\"La falta de prote\u00edna en la poblaci\u00f3n y sus consecuencias, aspectos a tener en cuenta para mejorar nuestro estado f\u00edsico y mental.\",\"breadcrumb\":{\"@id\":\"https:\\\/\\\/labonacarn.com\\\/es\\\/la-falta-de-proteina-en-la-poblacion-y-sus-consecuencias\\\/#breadcrumb\"},\"inLanguage\":\"es\",\"potentialAction\":[{\"@type\":\"ReadAction\",\"target\":[\"https:\\\/\\\/labonacarn.com\\\/es\\\/la-falta-de-proteina-en-la-poblacion-y-sus-consecuencias\\\/\"]}]},{\"@type\":\"ImageObject\",\"inLanguage\":\"es\",\"@id\":\"https:\\\/\\\/labonacarn.com\\\/es\\\/la-falta-de-proteina-en-la-poblacion-y-sus-consecuencias\\\/#primaryimage\",\"url\":\"https:\\\/\\\/labonacarn.com\\\/wp-content\\\/uploads\\\/2025\\\/03\\\/WhatsApp-Image-2025-03-17-at-15.21.06.jpeg\",\"contentUrl\":\"https:\\\/\\\/labonacarn.com\\\/wp-content\\\/uploads\\\/2025\\\/03\\\/WhatsApp-Image-2025-03-17-at-15.21.06.jpeg\",\"width\":1082,\"height\":373,\"caption\":\"Vanesa Martin Ros\"},{\"@type\":\"BreadcrumbList\",\"@id\":\"https:\\\/\\\/labonacarn.com\\\/es\\\/la-falta-de-proteina-en-la-poblacion-y-sus-consecuencias\\\/#breadcrumb\",\"itemListElement\":[{\"@type\":\"ListItem\",\"position\":1,\"name\":\"Portada\",\"item\":\"https:\\\/\\\/labonacarn.com\\\/es\\\/\"},{\"@type\":\"ListItem\",\"position\":2,\"name\":\"La falta de prote\u00edna en la poblaci\u00f3n y sus consecuencias\"}]},{\"@type\":\"WebSite\",\"@id\":\"https:\\\/\\\/labonacarn.com\\\/es\\\/#website\",\"url\":\"https:\\\/\\\/labonacarn.com\\\/es\\\/\",\"name\":\"labonacarn.com\",\"description\":\"Venem carn de vedella, porc, pollastre, xai, poltre, gall dindi i embotits de primera qualitat i fets per nosaltres.\",\"potentialAction\":[{\"@type\":\"SearchAction\",\"target\":{\"@type\":\"EntryPoint\",\"urlTemplate\":\"https:\\\/\\\/labonacarn.com\\\/es\\\/?s={search_term_string}\"},\"query-input\":{\"@type\":\"PropertyValueSpecification\",\"valueRequired\":true,\"valueName\":\"search_term_string\"}}],\"inLanguage\":\"es\"},{\"@type\":\"Person\",\"@id\":\"https:\\\/\\\/labonacarn.com\\\/es\\\/#\\\/schema\\\/person\\\/37c89ac8ca881971a5979798d268caf2\",\"name\":\"Joan\",\"image\":{\"@type\":\"ImageObject\",\"inLanguage\":\"es\",\"@id\":\"https:\\\/\\\/secure.gravatar.com\\\/avatar\\\/691564aa2d125f96a48e4bdf979dc70eeafd3e54b764cc1d48e8665b12481d4f?s=96&d=mm&r=g\",\"url\":\"https:\\\/\\\/secure.gravatar.com\\\/avatar\\\/691564aa2d125f96a48e4bdf979dc70eeafd3e54b764cc1d48e8665b12481d4f?s=96&d=mm&r=g\",\"contentUrl\":\"https:\\\/\\\/secure.gravatar.com\\\/avatar\\\/691564aa2d125f96a48e4bdf979dc70eeafd3e54b764cc1d48e8665b12481d4f?s=96&d=mm&r=g\",\"caption\":\"Joan\"},\"url\":\"https:\\\/\\\/labonacarn.com\\\/es\\\/author\\\/joan\\\/\"}]}<\/script>\n<!-- \/ Yoast SEO plugin. -->","yoast_head_json":{"title":"La falta de prote\u00edna en la poblaci\u00f3n y sus consecuencias - labonacarn.com","description":"La falta de prote\u00edna en la poblaci\u00f3n y sus consecuencias, aspectos a tener en cuenta para mejorar nuestro estado f\u00edsico y mental.","robots":{"index":"index","follow":"follow","max-snippet":"max-snippet:-1","max-image-preview":"max-image-preview:large","max-video-preview":"max-video-preview:-1"},"canonical":"https:\/\/labonacarn.com\/es\/la-falta-de-proteina-en-la-poblacion-y-sus-consecuencias\/","og_locale":"es_ES","og_type":"article","og_title":"La falta de prote\u00edna en la poblaci\u00f3n y sus consecuencias - labonacarn.com","og_description":"La falta de prote\u00edna en la poblaci\u00f3n y sus consecuencias, aspectos a tener en cuenta para mejorar nuestro estado f\u00edsico y mental.","og_url":"https:\/\/labonacarn.com\/es\/la-falta-de-proteina-en-la-poblacion-y-sus-consecuencias\/","og_site_name":"labonacarn.com","article_published_time":"2025-03-17T14:00:58+00:00","article_modified_time":"2025-03-17T14:49:00+00:00","og_image":[{"width":1082,"height":373,"url":"https:\/\/labonacarn.com\/wp-content\/uploads\/2025\/03\/WhatsApp-Image-2025-03-17-at-15.21.06.jpeg","type":"image\/jpeg"}],"author":"Joan","twitter_card":"summary_large_image","twitter_misc":{"Escrito por":"Joan","Tiempo de lectura":"4 minutos"},"schema":{"@context":"https:\/\/schema.org","@graph":[{"@type":"Article","@id":"https:\/\/labonacarn.com\/es\/la-falta-de-proteina-en-la-poblacion-y-sus-consecuencias\/#article","isPartOf":{"@id":"https:\/\/labonacarn.com\/es\/la-falta-de-proteina-en-la-poblacion-y-sus-consecuencias\/"},"author":{"name":"Joan","@id":"https:\/\/labonacarn.com\/es\/#\/schema\/person\/37c89ac8ca881971a5979798d268caf2"},"headline":"La falta de prote\u00edna en la poblaci\u00f3n y sus consecuencias","datePublished":"2025-03-17T14:00:58+00:00","dateModified":"2025-03-17T14:49:00+00:00","mainEntityOfPage":{"@id":"https:\/\/labonacarn.com\/es\/la-falta-de-proteina-en-la-poblacion-y-sus-consecuencias\/"},"wordCount":647,"image":{"@id":"https:\/\/labonacarn.com\/es\/la-falta-de-proteina-en-la-poblacion-y-sus-consecuencias\/#primaryimage"},"thumbnailUrl":"https:\/\/labonacarn.com\/wp-content\/uploads\/2025\/03\/WhatsApp-Image-2025-03-17-at-15.21.06.jpeg","articleSection":["Blog"],"inLanguage":"es"},{"@type":"WebPage","@id":"https:\/\/labonacarn.com\/es\/la-falta-de-proteina-en-la-poblacion-y-sus-consecuencias\/","url":"https:\/\/labonacarn.com\/es\/la-falta-de-proteina-en-la-poblacion-y-sus-consecuencias\/","name":"La falta de prote\u00edna en la poblaci\u00f3n y sus consecuencias - labonacarn.com","isPartOf":{"@id":"https:\/\/labonacarn.com\/es\/#website"},"primaryImageOfPage":{"@id":"https:\/\/labonacarn.com\/es\/la-falta-de-proteina-en-la-poblacion-y-sus-consecuencias\/#primaryimage"},"image":{"@id":"https:\/\/labonacarn.com\/es\/la-falta-de-proteina-en-la-poblacion-y-sus-consecuencias\/#primaryimage"},"thumbnailUrl":"https:\/\/labonacarn.com\/wp-content\/uploads\/2025\/03\/WhatsApp-Image-2025-03-17-at-15.21.06.jpeg","datePublished":"2025-03-17T14:00:58+00:00","dateModified":"2025-03-17T14:49:00+00:00","author":{"@id":"https:\/\/labonacarn.com\/es\/#\/schema\/person\/37c89ac8ca881971a5979798d268caf2"},"description":"La falta de prote\u00edna en la poblaci\u00f3n y sus consecuencias, aspectos a tener en cuenta para mejorar nuestro estado f\u00edsico y mental.","breadcrumb":{"@id":"https:\/\/labonacarn.com\/es\/la-falta-de-proteina-en-la-poblacion-y-sus-consecuencias\/#breadcrumb"},"inLanguage":"es","potentialAction":[{"@type":"ReadAction","target":["https:\/\/labonacarn.com\/es\/la-falta-de-proteina-en-la-poblacion-y-sus-consecuencias\/"]}]},{"@type":"ImageObject","inLanguage":"es","@id":"https:\/\/labonacarn.com\/es\/la-falta-de-proteina-en-la-poblacion-y-sus-consecuencias\/#primaryimage","url":"https:\/\/labonacarn.com\/wp-content\/uploads\/2025\/03\/WhatsApp-Image-2025-03-17-at-15.21.06.jpeg","contentUrl":"https:\/\/labonacarn.com\/wp-content\/uploads\/2025\/03\/WhatsApp-Image-2025-03-17-at-15.21.06.jpeg","width":1082,"height":373,"caption":"Vanesa Martin Ros"},{"@type":"BreadcrumbList","@id":"https:\/\/labonacarn.com\/es\/la-falta-de-proteina-en-la-poblacion-y-sus-consecuencias\/#breadcrumb","itemListElement":[{"@type":"ListItem","position":1,"name":"Portada","item":"https:\/\/labonacarn.com\/es\/"},{"@type":"ListItem","position":2,"name":"La falta de prote\u00edna en la poblaci\u00f3n y sus consecuencias"}]},{"@type":"WebSite","@id":"https:\/\/labonacarn.com\/es\/#website","url":"https:\/\/labonacarn.com\/es\/","name":"labonacarn.com","description":"Venem carn de vedella, porc, pollastre, xai, poltre, gall dindi i embotits de primera qualitat i fets per nosaltres.","potentialAction":[{"@type":"SearchAction","target":{"@type":"EntryPoint","urlTemplate":"https:\/\/labonacarn.com\/es\/?s={search_term_string}"},"query-input":{"@type":"PropertyValueSpecification","valueRequired":true,"valueName":"search_term_string"}}],"inLanguage":"es"},{"@type":"Person","@id":"https:\/\/labonacarn.com\/es\/#\/schema\/person\/37c89ac8ca881971a5979798d268caf2","name":"Joan","image":{"@type":"ImageObject","inLanguage":"es","@id":"https:\/\/secure.gravatar.com\/avatar\/691564aa2d125f96a48e4bdf979dc70eeafd3e54b764cc1d48e8665b12481d4f?s=96&d=mm&r=g","url":"https:\/\/secure.gravatar.com\/avatar\/691564aa2d125f96a48e4bdf979dc70eeafd3e54b764cc1d48e8665b12481d4f?s=96&d=mm&r=g","contentUrl":"https:\/\/secure.gravatar.com\/avatar\/691564aa2d125f96a48e4bdf979dc70eeafd3e54b764cc1d48e8665b12481d4f?s=96&d=mm&r=g","caption":"Joan"},"url":"https:\/\/labonacarn.com\/es\/author\/joan\/"}]}},"_links":{"self":[{"href":"https:\/\/labonacarn.com\/es\/wp-json\/wp\/v2\/posts\/14002","targetHints":{"allow":["GET"]}}],"collection":[{"href":"https:\/\/labonacarn.com\/es\/wp-json\/wp\/v2\/posts"}],"about":[{"href":"https:\/\/labonacarn.com\/es\/wp-json\/wp\/v2\/types\/post"}],"author":[{"embeddable":true,"href":"https:\/\/labonacarn.com\/es\/wp-json\/wp\/v2\/users\/2"}],"replies":[{"embeddable":true,"href":"https:\/\/labonacarn.com\/es\/wp-json\/wp\/v2\/comments?post=14002"}],"version-history":[{"count":0,"href":"https:\/\/labonacarn.com\/es\/wp-json\/wp\/v2\/posts\/14002\/revisions"}],"wp:featuredmedia":[{"embeddable":true,"href":"https:\/\/labonacarn.com\/es\/wp-json\/wp\/v2\/media\/14008"}],"wp:attachment":[{"href":"https:\/\/labonacarn.com\/es\/wp-json\/wp\/v2\/media?parent=14002"}],"wp:term":[{"taxonomy":"category","embeddable":true,"href":"https:\/\/labonacarn.com\/es\/wp-json\/wp\/v2\/categories?post=14002"},{"taxonomy":"post_tag","embeddable":true,"href":"https:\/\/labonacarn.com\/es\/wp-json\/wp\/v2\/tags?post=14002"}],"curies":[{"name":"wp","href":"https:\/\/api.w.org\/{rel}","templated":true}]}}